{"id":12072,"date":"2025-01-08T08:38:57","date_gmt":"2025-01-08T07:38:57","guid":{"rendered":"https:\/\/entretormentas.com\/?p=12072"},"modified":"2025-01-08T08:38:57","modified_gmt":"2025-01-08T07:38:57","slug":"en-alerta-diosdado-cabello-advierte-a-colectivos-sobre-presuntos-planes-violentos","status":"publish","type":"post","link":"https:\/\/entretormentas.com\/en-alerta-diosdado-cabello-advierte-a-colectivos-sobre-presuntos-planes-violentos\/","title":{"rendered":"\u00a1EN ALERTA! Diosdado Cabello advierte a Colectivos sobre presuntos planes violentos"},"content":{"rendered":"\n<p><strong>ENTRE TORMENTAS.<\/strong> El primer vicepresidente del Partido Socialista Unido de Venezuela, Diosdado Cabello, encabez\u00f3 este martes 7 un asamblea efectuada en el Parque Ezequiel Zamora, en donde resalt\u00f3 que \u00abla burgues\u00eda jam\u00e1s se ha sentado con el pueblo y a preguntar por qu\u00e9 se hacen llamar colectivos\u00bb, considerando que, a su juicio, que jam\u00e1s se han interesado en saber c\u00f3mo vive el pueblo en los barrios.<\/p>\n\n\n\n<p>El ministro cabello enfatiz\u00f3 que \u00abellos nos odian a nosotros, pero no nos vamos a dejar por ellos (\u2026) si la burgues\u00eda intentara hacer algo le vamos a dar una pela, el pueblo sabe que nosotros vamos a estar unidos y mano segura no se tranca\u00bb, al mismo tiempo que se\u00f1al\u00f3 \u00abque no caer\u00e1n en provocaciones de ning\u00fan sector extremista\u00bb.<\/p>\n\n\n\n<p>Cabello aprovech\u00f3 la oportunidad para resaltar que la burgues\u00eda no tiene un buen plan para el pueblo y que solo viven de amenazas. Asimismo, advirti\u00f3 sobre los planes de la extrema derecha de asesinar a su propia gente. \u201cTengan cuidado con las convocatorias de la derecha fascista, ellos est\u00e1n llenos de odio y ya han asesinado a su propio Pueblo\u201d, expres\u00f3 Cabello Rond\u00f3n.<\/p>\n\n\n\n<p>En ese sentido, exhort\u00f3 a los presentes a hablar con la gente en las comunidades. \u201cEs necesario que los padres y las madres entiendan que el plan de la derecha es el de la violencia, hablen con sus hijos, no dejen que ellos caigan en esa trampa, no se dejen enga\u00f1ar\u201d, asever\u00f3.<\/p>\n\n\n\n<p>\u201cAqu\u00ed los violentos, los asesinos, los fascistas, los terroristas son ellos (la extrema derecha), quienes tienen en zozobra al Pueblo con una guerra psicol\u00f3gica en las redes sociales\u201d, sostuvo.<\/p>\n\n\n\n<p>En un encuentro con la Fuerza Revolucionaria de Venezuela, el tambi\u00e9n Vicepresidente Sectorial de Pol\u00edtica, Seguridad Ciudadana y Paz felicit\u00f3 a los colectivos presentes por su defensa de la tranquilidad nacional.<br><strong><em>ET \/ Agencias<\/em><\/strong><\/p>\n","protected":false},"excerpt":{"rendered":"<p>ENTRE TORMENTAS. El primer vicepresidente del Partido Socialista Unido de Venezuela, Diosdado Cabello, encabez\u00f3 este&#8230;<\/p>\n","protected":false},"author":2,"featured_media":12073,"comment_status":"closed","ping_status":"open","sticky":false,"template":"","format":"standard","meta":{"footnotes":""},"categories":[56,49],"tags":[],"class_list":["post-12072","post","type-post","status-publish","format-standard","has-post-thumbnail","hentry","category-destacadas","category-nacionales"],"_links":{"self":[{"href":"https:\/\/entretormentas.com\/index.php?rest_route=\/wp\/v2\/posts\/12072","targetHints":{"allow":["GET"]}}],"collection":[{"href":"https:\/\/entretormentas.com\/index.php?rest_route=\/wp\/v2\/posts"}],"about":[{"href":"https:\/\/entretormentas.com\/index.php?rest_route=\/wp\/v2\/types\/post"}],"author":[{"embeddable":true,"href":"https:\/\/entretormentas.com\/index.php?rest_route=\/wp\/v2\/users\/2"}],"replies":[{"embeddable":true,"href":"https:\/\/entretormentas.com\/index.php?rest_route=%2Fwp%2Fv2%2Fcomments&post=12072"}],"version-history":[{"count":1,"href":"https:\/\/entretormentas.com\/index.php?rest_route=\/wp\/v2\/posts\/12072\/revisions"}],"predecessor-version":[{"id":12074,"href":"https:\/\/entretormentas.com\/index.php?rest_route=\/wp\/v2\/posts\/12072\/revisions\/12074"}],"wp:featuredmedia":[{"embeddable":true,"href":"https:\/\/entretormentas.com\/index.php?rest_route=\/wp\/v2\/media\/12073"}],"wp:attachment":[{"href":"https:\/\/entretormentas.com\/index.php?rest_route=%2Fwp%2Fv2%2Fmedia&parent=12072"}],"wp:term":[{"taxonomy":"category","embeddable":true,"href":"https:\/\/entretormentas.com\/index.php?rest_route=%2Fwp%2Fv2%2Fcategories&post=12072"},{"taxonomy":"post_tag","embeddable":true,"href":"https:\/\/entretormentas.com\/index.php?rest_route=%2Fwp%2Fv2%2Ftags&post=12072"}],"curies":[{"name":"wp","href":"https:\/\/api.w.org\/{rel}","templated":true}]}}