{"id":12075,"date":"2025-01-08T08:42:29","date_gmt":"2025-01-08T07:42:29","guid":{"rendered":"https:\/\/entretormentas.com\/?p=12075"},"modified":"2025-01-08T08:42:29","modified_gmt":"2025-01-08T07:42:29","slug":"afirman-que-van-mas-de-125-maduro-anuncia-la-captura-de-siete-mercenarios-extranjeros","status":"publish","type":"post","link":"https:\/\/entretormentas.com\/afirman-que-van-mas-de-125-maduro-anuncia-la-captura-de-siete-mercenarios-extranjeros\/","title":{"rendered":"\u00a1AFIRMAN QUE VAN M\u00c1S DE 125! Maduro anuncia la captura de siete \u00abmercenarios\u00bb extranjeros"},"content":{"rendered":"\n<p><strong>ENTRE TORMENTAS.<\/strong> El presidente Nicol\u00e1s Maduro inform\u00f3 que fueron detenidos este martes siete \u00abmercenarios\u00bb extranjeros, de los cuales dos provienen de Estados Unidos, dos de Colombia y tres de Ucrania, quienes pretend\u00edan llevar a cabo acciones \u00abterroristas\u00bb a tres d\u00edas de la toma de posesi\u00f3n presidencial, informa EFE.<\/p>\n\n\n\n<p>\u00abSolamente el d\u00eda de hoy, hemos capturado, a esta hora, a siete mercenarios extranjeros, incluyendo a dos importantes mercenarios de Estados Unidos\u00bb, dijo Maduro en un acto en Caracas.<\/p>\n\n\n\n<p>Adem\u00e1s dijo que jurar\u00e1 el viernes 10 de enero como jefe de Estado para un tercer sexenio consecutivo en el poder, asegur\u00f3 que este grupo de \u00abmercenarios\u00bb se suma a los 125, de un total de 25 nacionalidades, capturados en los meses de noviembre y diciembre.<br><strong><em>ET \/ Agencias<\/em><\/strong><\/p>\n","protected":false},"excerpt":{"rendered":"<p>ENTRE TORMENTAS. El presidente Nicol\u00e1s Maduro inform\u00f3 que fueron detenidos este martes siete \u00abmercenarios\u00bb extranjeros,&#8230;<\/p>\n","protected":false},"author":2,"featured_media":12076,"comment_status":"closed","ping_status":"open","sticky":false,"template":"","format":"standard","meta":{"footnotes":""},"categories":[56,49],"tags":[],"class_list":["post-12075","post","type-post","status-publish","format-standard","has-post-thumbnail","hentry","category-destacadas","category-nacionales"],"_links":{"self":[{"href":"https:\/\/entretormentas.com\/index.php?rest_route=\/wp\/v2\/posts\/12075","targetHints":{"allow":["GET"]}}],"collection":[{"href":"https:\/\/entretormentas.com\/index.php?rest_route=\/wp\/v2\/posts"}],"about":[{"href":"https:\/\/entretormentas.com\/index.php?rest_route=\/wp\/v2\/types\/post"}],"author":[{"embeddable":true,"href":"https:\/\/entretormentas.com\/index.php?rest_route=\/wp\/v2\/users\/2"}],"replies":[{"embeddable":true,"href":"https:\/\/entretormentas.com\/index.php?rest_route=%2Fwp%2Fv2%2Fcomments&post=12075"}],"version-history":[{"count":1,"href":"https:\/\/entretormentas.com\/index.php?rest_route=\/wp\/v2\/posts\/12075\/revisions"}],"predecessor-version":[{"id":12077,"href":"https:\/\/entretormentas.com\/index.php?rest_route=\/wp\/v2\/posts\/12075\/revisions\/12077"}],"wp:featuredmedia":[{"embeddable":true,"href":"https:\/\/entretormentas.com\/index.php?rest_route=\/wp\/v2\/media\/12076"}],"wp:attachment":[{"href":"https:\/\/entretormentas.com\/index.php?rest_route=%2Fwp%2Fv2%2Fmedia&parent=12075"}],"wp:term":[{"taxonomy":"category","embeddable":true,"href":"https:\/\/entretormentas.com\/index.php?rest_route=%2Fwp%2Fv2%2Fcategories&post=12075"},{"taxonomy":"post_tag","embeddable":true,"href":"https:\/\/entretormentas.com\/index.php?rest_route=%2Fwp%2Fv2%2Ftags&post=12075"}],"curies":[{"name":"wp","href":"https:\/\/api.w.org\/{rel}","templated":true}]}}