{"id":12078,"date":"2025-01-08T08:44:08","date_gmt":"2025-01-08T07:44:08","guid":{"rendered":"https:\/\/entretormentas.com\/?p=12078"},"modified":"2025-01-08T08:44:08","modified_gmt":"2025-01-08T07:44:08","slug":"si-entran-se-trataran-como-invasores-an-declara-personas-no-gratas-a-nueve-expresidentes","status":"publish","type":"post","link":"https:\/\/entretormentas.com\/si-entran-se-trataran-como-invasores-an-declara-personas-no-gratas-a-nueve-expresidentes\/","title":{"rendered":"\u00a1SI ENTRAN SE TRATAR\u00c1N COMO INVASORES! AN declara personas \u00abno gratas\u00bb a nueve expresidentes"},"content":{"rendered":"\n<p><strong>ENTRE TORMENTAS.<\/strong> La Asamblea Nacional declar\u00f3 este martes personas non gratas a nueve expresidentes latinoamericanos y pidi\u00f3 que sean tratados como una \u00abfuerza extranjera que intenta invadir\u00bb el pa\u00eds, en caso de que pretendan acompa\u00f1ar al l\u00edder opositor Edmundo Gonz\u00e1lez Urrutia en su intenci\u00f3n de jurar como presidente el viernes.<\/p>\n\n\n\n<p>El Parlamento se\u00f1al\u00f3 como presuntos \u00abinvasores\u00bb a los expresidentes, Andr\u00e9s Pastrana, Mario Abdo Ben\u00edtez, Mireya Moscoso, Felipe Calder\u00f3n, Vicente Fox, Ernesto P\u00e9rez, Jorge Quiroga, Laura Chinchilla y Jamil Mahuad, detalla Uni\u00f3n Radio.<\/p>\n\n\n\n<p>El presidente de la AN, Jorge Rodr\u00edguez resalt\u00f3 que en caso de que pisen el territorio venezolano, ser\u00e1n \u00abtratados como invasores, deben ser enjuiciados, capturados para que caiga sobre ellos todo el peso de la ley\u00bb.<\/p>\n\n\n\n<p>\u00ab\u00bfC\u00f3mo van a entrar? \u00bfCon cu\u00e1l avi\u00f3n? \u00bfCon cual plan de vuelo? \u00bfCon qu\u00e9 permiso de qu\u00e9 autoridad leg\u00edtima del pa\u00eds? Si no tienen el debido permiso y si entran sin que nuestra autoridades aeron\u00e1uticas no han otorgado ning\u00fan tipo de permiso; esa aeronave, esa tripulaci\u00f3n tienen que ser tratados como una fuerza extranjera que intenta invadir\u00bb, cuestion\u00f3.<\/p>\n\n\n\n<p>Los parlamentarios respaldaron el comunicado emitido por la Fuerza Armada Nacional Bolivariana (FANB) que apoy\u00f3 el reconocimiento de Nicol\u00e1s Maduro como presidente electo en los comicios del 28-J.<br><strong><em>ET \/ Agencias<\/em><\/strong><\/p>\n","protected":false},"excerpt":{"rendered":"<p>ENTRE TORMENTAS. La Asamblea Nacional declar\u00f3 este martes personas non gratas a nueve expresidentes latinoamericanos&#8230;<\/p>\n","protected":false},"author":2,"featured_media":12079,"comment_status":"closed","ping_status":"open","sticky":false,"template":"","format":"standard","meta":{"footnotes":""},"categories":[56,49],"tags":[],"class_list":["post-12078","post","type-post","status-publish","format-standard","has-post-thumbnail","hentry","category-destacadas","category-nacionales"],"_links":{"self":[{"href":"https:\/\/entretormentas.com\/index.php?rest_route=\/wp\/v2\/posts\/12078","targetHints":{"allow":["GET"]}}],"collection":[{"href":"https:\/\/entretormentas.com\/index.php?rest_route=\/wp\/v2\/posts"}],"about":[{"href":"https:\/\/entretormentas.com\/index.php?rest_route=\/wp\/v2\/types\/post"}],"author":[{"embeddable":true,"href":"https:\/\/entretormentas.com\/index.php?rest_route=\/wp\/v2\/users\/2"}],"replies":[{"embeddable":true,"href":"https:\/\/entretormentas.com\/index.php?rest_route=%2Fwp%2Fv2%2Fcomments&post=12078"}],"version-history":[{"count":1,"href":"https:\/\/entretormentas.com\/index.php?rest_route=\/wp\/v2\/posts\/12078\/revisions"}],"predecessor-version":[{"id":12080,"href":"https:\/\/entretormentas.com\/index.php?rest_route=\/wp\/v2\/posts\/12078\/revisions\/12080"}],"wp:featuredmedia":[{"embeddable":true,"href":"https:\/\/entretormentas.com\/index.php?rest_route=\/wp\/v2\/media\/12079"}],"wp:attachment":[{"href":"https:\/\/entretormentas.com\/index.php?rest_route=%2Fwp%2Fv2%2Fmedia&parent=12078"}],"wp:term":[{"taxonomy":"category","embeddable":true,"href":"https:\/\/entretormentas.com\/index.php?rest_route=%2Fwp%2Fv2%2Fcategories&post=12078"},{"taxonomy":"post_tag","embeddable":true,"href":"https:\/\/entretormentas.com\/index.php?rest_route=%2Fwp%2Fv2%2Ftags&post=12078"}],"curies":[{"name":"wp","href":"https:\/\/api.w.org\/{rel}","templated":true}]}}