{"id":12081,"date":"2025-01-08T08:46:27","date_gmt":"2025-01-08T07:46:27","guid":{"rendered":"https:\/\/entretormentas.com\/?p=12081"},"modified":"2025-01-08T08:46:27","modified_gmt":"2025-01-08T07:46:27","slug":"resteados-pastrana-confirma-que-nueve-expresidentes-acompanaran-a-edmundo-en-su-regreso","status":"publish","type":"post","link":"https:\/\/entretormentas.com\/resteados-pastrana-confirma-que-nueve-expresidentes-acompanaran-a-edmundo-en-su-regreso\/","title":{"rendered":"\u00a1RESTEADOS! Pastrana confirma que nueve expresidentes acompa\u00f1ar\u00e1n a Edmundo en su regreso"},"content":{"rendered":"\n<p><strong>ENTRE TORMENTAS. <\/strong>El expresidente colombiano Andr\u00e9s Pastrana afirm\u00f3 este martes que nueve exmandatarios latinoamericanos pretenden acompa\u00f1ar al l\u00edder opositor venezolano Edmundo Gonz\u00e1lez Urrutia en su retorno a Venezuela, como parte de su objetivo de asumir el 10 de enero la Presidencia que reclama tras las elecciones del 28 de julio.<\/p>\n\n\n\n<p>Pastrana, que gobern\u00f3 Colombia entre 1998 y 2002, afirm\u00f3 en una entrevista con la emisora La FM que ya son nueve expresidentes del grupo Iniciativa Democr\u00e1tica de Espa\u00f1a y las Am\u00e9ricas (IDEA) los que acompa\u00f1ar\u00e1n a Gonz\u00e1lez en su regreso a Venezuela.<\/p>\n\n\n\n<p>\u00abEdmundo le hab\u00eda dicho al mundo que \u00e9l va a ir a Venezuela y si va a ir a Venezuela, nosotros tenemos la obligaci\u00f3n de acompa\u00f1ar a Edmundo a este viaje de regreso para su posesi\u00f3n el pr\u00f3ximo 10 de enero\u00bb, expres\u00f3 el exmandatario.<\/p>\n\n\n\n<p>Pastrana a\u00f1adi\u00f3 que los exmandatarios, cuyos nombres no confirm\u00f3, se reunir\u00e1n en Panam\u00e1, donde el mi\u00e9rcoles estar\u00e1 el l\u00edder opositor venezolano, y luego viajar\u00e1n a Rep\u00fablica Dominicana, que hasta el momento es la \u00faltima parada del recorrido de Edmundo Gonz\u00e1lez por varios pa\u00edses americanos antes del 10 de enero.<\/p>\n\n\n\n<p>Varios expresidentes del grupo IDEA intentaron viajar a Venezuela en julio pasado, invitados por la oposici\u00f3n, pero no pudieron hacerlo debido a que el gobierno del presidente Nicol\u00e1s Maduro vet\u00f3 la entrada al pa\u00eds del avi\u00f3n en el que ten\u00edan previsto volar.<\/p>\n\n\n\n<p><strong>AMENAZADOS<\/strong><br>Sobre la posibilidad de que no los dejen ingresar a Venezuela otra vez, Pastrana dijo: \u00abSi no se da esa autorizaci\u00f3n y si no se permite el ingreso de la nave con expresidentes y posiblemente otros l\u00edderes, incluso puede haber periodistas, lo que queda claramente demostrado es que en Venezuela hay una narcodictadura\u00bb.<\/p>\n\n\n\n<p>El expresidente se\u00f1al\u00f3 que, debido a la militarizaci\u00f3n del pa\u00eds, a Venezuela \u00abno hay por d\u00f3nde entrar sino es por el aire\u00bb, descartando con ello la posibilidad de hacerlo por tierra, por ejemplo desde Colombia, pa\u00eds con el que comparte una frontera de dos mil 219 kil\u00f3metros.<\/p>\n\n\n\n<p>\u00abNo s\u00e9 si tengan el valor de dejar entrar a Edmundo Gonz\u00e1lez a Venezuela\u00bb, dijo Pastrana, quien a\u00f1adi\u00f3 que percibe un \u00abtemor absoluto\u00bb en las recientes declaraciones del ministro del Interior de ese pa\u00eds, Diosdado Cabello.<\/p>\n\n\n\n<p>Cabello amenaz\u00f3 a los exmandatarios y dijo que si intentan entrar a su pa\u00eds, \u00abvan a ser detenidos y puestos a la orden de la justicia\u00bb.<br><strong><em>ET \/ EFE<\/em><\/strong><\/p>\n\n\n\n<p><\/p>\n","protected":false},"excerpt":{"rendered":"<p>ENTRE TORMENTAS. El expresidente colombiano Andr\u00e9s Pastrana afirm\u00f3 este martes que nueve exmandatarios latinoamericanos pretenden&#8230;<\/p>\n","protected":false},"author":2,"featured_media":12082,"comment_status":"closed","ping_status":"open","sticky":false,"template":"","format":"standard","meta":{"footnotes":""},"categories":[56,48],"tags":[],"class_list":["post-12081","post","type-post","status-publish","format-standard","has-post-thumbnail","hentry","category-destacadas","category-internacionales"],"_links":{"self":[{"href":"https:\/\/entretormentas.com\/index.php?rest_route=\/wp\/v2\/posts\/12081","targetHints":{"allow":["GET"]}}],"collection":[{"href":"https:\/\/entretormentas.com\/index.php?rest_route=\/wp\/v2\/posts"}],"about":[{"href":"https:\/\/entretormentas.com\/index.php?rest_route=\/wp\/v2\/types\/post"}],"author":[{"embeddable":true,"href":"https:\/\/entretormentas.com\/index.php?rest_route=\/wp\/v2\/users\/2"}],"replies":[{"embeddable":true,"href":"https:\/\/entretormentas.com\/index.php?rest_route=%2Fwp%2Fv2%2Fcomments&post=12081"}],"version-history":[{"count":1,"href":"https:\/\/entretormentas.com\/index.php?rest_route=\/wp\/v2\/posts\/12081\/revisions"}],"predecessor-version":[{"id":12083,"href":"https:\/\/entretormentas.com\/index.php?rest_route=\/wp\/v2\/posts\/12081\/revisions\/12083"}],"wp:featuredmedia":[{"embeddable":true,"href":"https:\/\/entretormentas.com\/index.php?rest_route=\/wp\/v2\/media\/12082"}],"wp:attachment":[{"href":"https:\/\/entretormentas.com\/index.php?rest_route=%2Fwp%2Fv2%2Fmedia&parent=12081"}],"wp:term":[{"taxonomy":"category","embeddable":true,"href":"https:\/\/entretormentas.com\/index.php?rest_route=%2Fwp%2Fv2%2Fcategories&post=12081"},{"taxonomy":"post_tag","embeddable":true,"href":"https:\/\/entretormentas.com\/index.php?rest_route=%2Fwp%2Fv2%2Ftags&post=12081"}],"curies":[{"name":"wp","href":"https:\/\/api.w.org\/{rel}","templated":true}]}}