{"id":12091,"date":"2025-01-09T09:30:25","date_gmt":"2025-01-09T08:30:25","guid":{"rendered":"https:\/\/entretormentas.com\/?p=12091"},"modified":"2025-01-09T09:30:26","modified_gmt":"2025-01-09T08:30:26","slug":"en-la-basilica-de-chiquinquira-abren-proceso-de-admision-para-nuevos-servidores-e-hijas-de-maria","status":"publish","type":"post","link":"https:\/\/entretormentas.com\/en-la-basilica-de-chiquinquira-abren-proceso-de-admision-para-nuevos-servidores-e-hijas-de-maria\/","title":{"rendered":"\u00a1EN LA BAS\u00cdLICA DE CHIQUINQUIR\u00c1! Abren proceso de admisi\u00f3n para nuevos servidores e hijas de Mar\u00eda"},"content":{"rendered":"\n<p><strong>ENTRE TORMENTAS. <\/strong>La Bas\u00edlica Santuario de Nuestra Se\u00f1ora de Chiquinquir\u00e1 invita a la comunidad zuliana a formar parte de los servidos de Mar\u00eda y las hijas de Mar\u00eda.<\/p>\n\n\n\n<p>\u00abTe invitamos a participar este pr\u00f3ximo 18 de enero al proceso de admisi\u00f3n para formar parte de las filas de la sociedad religiosa servidores de Mar\u00eda y de las Hijas de Mar\u00eda, sabemos que el amor de nuestra madre corre por nuestras venas, da un s\u00ed, para que sirviendo a Dios y a Mar\u00eda a trav\u00e9s de la iglesia puedan dar testimonio de su amor, en medio de tu familia. \u00a1Te esperamos!\u00bb, dijo el Presb\u00edtero Nedward Andrade, p\u00e1rroco de la Bas\u00edlica a trav\u00e9s de su cuenta de Instagram.<\/p>\n\n\n\n<p>Para participar debes asistir a la Eucarist\u00eda de 5:00 pm del 18 de enero, correspondiente al 1er Homenaje Mensual de la Virgen de Chiquinquir\u00e1. Debes presentarte vestido de camisa manga larga color blanco para los chicos o camisa blanca manga 3\/4 para las chicas, pantal\u00f3n negro o azul marino, correa negra y zapatos negros cerrados.<\/p>\n\n\n\n<p>Luego de culminada la procesi\u00f3n, los miembros de la Junta Directiva les dar\u00e1n las indicaciones a seguir durante el aspirantado.<\/p>\n\n\n\n<p>Durante esta etapa, el aspirante se adapta a este nueva forma de vida, discierne, cultiva los g\u00e9rmenes de su vocaci\u00f3n, trabaja en la madurez humana y cristiana y tiene su primer encuentro con los valores de la vida en torno a la Parroquia y a la Sociedad Religiosa.<br><strong><em>ET \/ Noticia al D\u00eda<\/em><\/strong><\/p>\n","protected":false},"excerpt":{"rendered":"<p>ENTRE TORMENTAS. La Bas\u00edlica Santuario de Nuestra Se\u00f1ora de Chiquinquir\u00e1 invita a la comunidad zuliana&#8230;<\/p>\n","protected":false},"author":2,"featured_media":12092,"comment_status":"closed","ping_status":"open","sticky":false,"template":"","format":"standard","meta":{"footnotes":""},"categories":[57,1],"tags":[],"class_list":["post-12091","post","type-post","status-publish","format-standard","has-post-thumbnail","hentry","category-actualidad","category-regionales"],"_links":{"self":[{"href":"https:\/\/entretormentas.com\/index.php?rest_route=\/wp\/v2\/posts\/12091","targetHints":{"allow":["GET"]}}],"collection":[{"href":"https:\/\/entretormentas.com\/index.php?rest_route=\/wp\/v2\/posts"}],"about":[{"href":"https:\/\/entretormentas.com\/index.php?rest_route=\/wp\/v2\/types\/post"}],"author":[{"embeddable":true,"href":"https:\/\/entretormentas.com\/index.php?rest_route=\/wp\/v2\/users\/2"}],"replies":[{"embeddable":true,"href":"https:\/\/entretormentas.com\/index.php?rest_route=%2Fwp%2Fv2%2Fcomments&post=12091"}],"version-history":[{"count":1,"href":"https:\/\/entretormentas.com\/index.php?rest_route=\/wp\/v2\/posts\/12091\/revisions"}],"predecessor-version":[{"id":12093,"href":"https:\/\/entretormentas.com\/index.php?rest_route=\/wp\/v2\/posts\/12091\/revisions\/12093"}],"wp:featuredmedia":[{"embeddable":true,"href":"https:\/\/entretormentas.com\/index.php?rest_route=\/wp\/v2\/media\/12092"}],"wp:attachment":[{"href":"https:\/\/entretormentas.com\/index.php?rest_route=%2Fwp%2Fv2%2Fmedia&parent=12091"}],"wp:term":[{"taxonomy":"category","embeddable":true,"href":"https:\/\/entretormentas.com\/index.php?rest_route=%2Fwp%2Fv2%2Fcategories&post=12091"},{"taxonomy":"post_tag","embeddable":true,"href":"https:\/\/entretormentas.com\/index.php?rest_route=%2Fwp%2Fv2%2Ftags&post=12091"}],"curies":[{"name":"wp","href":"https:\/\/api.w.org\/{rel}","templated":true}]}}