{"id":12108,"date":"2025-01-09T09:41:59","date_gmt":"2025-01-09T08:41:59","guid":{"rendered":"https:\/\/entretormentas.com\/?p=12108"},"modified":"2025-01-09T09:41:59","modified_gmt":"2025-01-09T08:41:59","slug":"en-su-banco-nacional-panama-custodia-las-actas-de-votacion-recopiladas-por-la-oposicion","status":"publish","type":"post","link":"https:\/\/entretormentas.com\/en-su-banco-nacional-panama-custodia-las-actas-de-votacion-recopiladas-por-la-oposicion\/","title":{"rendered":"\u00a1EN SU BANCO NACIONAL! Panam\u00e1 custodia las actas de votaci\u00f3n recopiladas por la oposici\u00f3n"},"content":{"rendered":"\n<p><strong>ENTRE TORMENTAS.<\/strong> La l\u00edder opositora, Mar\u00eda Corina Machado, inform\u00f3 este mi\u00e9rcoles que el gobierno de Panam\u00e1 custodiar\u00e1 las actas de votaci\u00f3n emitidas por las m\u00e1quinas electorales el pasado 28 de julio en Venezuela y que fueron recopiladas por los testigos electorales de la oposici\u00f3n.<\/p>\n\n\n\n<p>\u00abTodas las actas reposar\u00e1n bajo custodia del Gobierno de Panam\u00e1 en las b\u00f3vedas de su Banco Nacional, hasta que realicen su viaje de vuelta a Venezuela, muy pronto\u00bb, escribi\u00f3 Machado en Twitter, ahora X.<\/p>\n\n\n\n<p>En una fotograf\u00eda publicada por la opositora se observa un acuerdo suscrito entre el ministro de Javier Mart\u00ednez en nombre del presidente de Panam\u00e1 Jos\u00e9 Ra\u00fal Mulino, y Edmundo Gonz\u00e1lez; para el resguardo temporal de las actas.<\/p>\n\n\n\n<p>\u00abLas actas en cuesti\u00f3n dan fe de la rotunda victoria electoral obtenida por los dem\u00f3cratas venezolanos sobre la tiran\u00eda que desde a\u00f1os rige inconstitucionalmente en Venezuela\u00bb, reza el documento.<\/p>\n\n\n\n<p>Las actas en manos de la oposici\u00f3n (85,18% del total nacional) dan como ganador a Edmundo Gonz\u00e1lez Urrutia con 7.443.584 votos, frente a Nicol\u00e1s Maduro con 3.385.155 preferencias. Por esto Gonz\u00e1lez defiende ser el presidente electo y buscar\u00e1 posesionarse el 10 de enero.<br><strong><em>ET \/ Contrapunto<\/em><\/strong><\/p>\n","protected":false},"excerpt":{"rendered":"<p>ENTRE TORMENTAS. La l\u00edder opositora, Mar\u00eda Corina Machado, inform\u00f3 este mi\u00e9rcoles que el gobierno de&#8230;<\/p>\n","protected":false},"author":2,"featured_media":12109,"comment_status":"closed","ping_status":"open","sticky":false,"template":"","format":"standard","meta":{"footnotes":""},"categories":[48],"tags":[],"class_list":["post-12108","post","type-post","status-publish","format-standard","has-post-thumbnail","hentry","category-internacionales"],"_links":{"self":[{"href":"https:\/\/entretormentas.com\/index.php?rest_route=\/wp\/v2\/posts\/12108","targetHints":{"allow":["GET"]}}],"collection":[{"href":"https:\/\/entretormentas.com\/index.php?rest_route=\/wp\/v2\/posts"}],"about":[{"href":"https:\/\/entretormentas.com\/index.php?rest_route=\/wp\/v2\/types\/post"}],"author":[{"embeddable":true,"href":"https:\/\/entretormentas.com\/index.php?rest_route=\/wp\/v2\/users\/2"}],"replies":[{"embeddable":true,"href":"https:\/\/entretormentas.com\/index.php?rest_route=%2Fwp%2Fv2%2Fcomments&post=12108"}],"version-history":[{"count":1,"href":"https:\/\/entretormentas.com\/index.php?rest_route=\/wp\/v2\/posts\/12108\/revisions"}],"predecessor-version":[{"id":12110,"href":"https:\/\/entretormentas.com\/index.php?rest_route=\/wp\/v2\/posts\/12108\/revisions\/12110"}],"wp:featuredmedia":[{"embeddable":true,"href":"https:\/\/entretormentas.com\/index.php?rest_route=\/wp\/v2\/media\/12109"}],"wp:attachment":[{"href":"https:\/\/entretormentas.com\/index.php?rest_route=%2Fwp%2Fv2%2Fmedia&parent=12108"}],"wp:term":[{"taxonomy":"category","embeddable":true,"href":"https:\/\/entretormentas.com\/index.php?rest_route=%2Fwp%2Fv2%2Fcategories&post=12108"},{"taxonomy":"post_tag","embeddable":true,"href":"https:\/\/entretormentas.com\/index.php?rest_route=%2Fwp%2Fv2%2Ftags&post=12108"}],"curies":[{"name":"wp","href":"https:\/\/api.w.org\/{rel}","templated":true}]}}