{"id":12111,"date":"2025-01-09T09:43:40","date_gmt":"2025-01-09T08:43:40","guid":{"rendered":"https:\/\/entretormentas.com\/?p=12111"},"modified":"2025-01-09T09:43:40","modified_gmt":"2025-01-09T08:43:40","slug":"plataforma-unitaria-el-9-en-los-venezolanos-se-unen-en-una-movilizacion-historica-por-la-libertad","status":"publish","type":"post","link":"https:\/\/entretormentas.com\/plataforma-unitaria-el-9-en-los-venezolanos-se-unen-en-una-movilizacion-historica-por-la-libertad\/","title":{"rendered":"PLATAFORMA UNITARIA: \u00abEl #9-En los venezolanos se unen en una movilizaci\u00f3n hist\u00f3rica por la libertad\u00bb"},"content":{"rendered":"\n<p><strong>ENTRE TORMENTAS. <\/strong>En un comunicado, parte de la oposici\u00f3n mayoritaria invit\u00f3 a todos los venezolanos regados por el mundo a una movilizaci\u00f3n para reclamar libertad, transparencia por parte del CNE y la proclamaci\u00f3n de Edmundo Gonz\u00e1lez Urrutia, quien la Plataforma Unitaria Democr\u00e1tica y varios pa\u00edses dicen que fue el candidato electo para el periodo constitucional 2025-2031 en Venezuela.<\/p>\n\n\n\n<p>\u00abEl pueblo venezolano se prepara para una jornada hist\u00f3rica en defensa de la democracia y la soberan\u00eda nacional. Este pr\u00f3ximo jueves 9 de enero, venezolanos de todas las regiones del pa\u00eds y de diversos rincones del mundo se unir\u00e1n en una movilizaci\u00f3n masiva con el prop\u00f3sito de alcanzar la libertad y el respeto a los derechos fundamentales\u00bb, reza el comunicado.<\/p>\n\n\n\n<p>Bajo el lema \u00abGloria Bravo Pueblo\u00bb, la convocatoria hace un llamado a todos los ciudadanos a participar activamente ante la gesta hist\u00f3rica para Venezuela. La jornada tiene como objetivo resaltar la importancia de la defensa de la democracia, la soberan\u00eda nacional y los valores que deben cimentar una sociedad libre y justa.<\/p>\n\n\n\n<p>La movilizaci\u00f3n del 9 de enero reunir\u00e1 a diversas organizaciones pol\u00edticas y sociales, l\u00edderes comunitarios, familias enteras, j\u00f3venes, abuelos y todos los ciudadanos comprometidos con la causa. El mensaje es claro: \u201cEl momento es ahora, no hay 10 sin un 9. No habr\u00e1 futuro sin nuestra acci\u00f3n presente\u201d.<\/p>\n\n\n\n<p>En este contexto, la l\u00edder de las fuerzas democr\u00e1ticas, Mar\u00eda Corina Machado, quien convoc\u00f3 esta manifestaci\u00f3n, expres\u00f3 en un video publicado en redes sociales: \u201cEstas son las se\u00f1ales. Todos en familia, juntos, como un r\u00edo crecido\u2026 que se desbordar\u00e1 hasta el final. Este 9 de enero, con tu franela amarilla, azul o roja. Nos vemos todos en la calle\u201d.<\/p>\n\n\n\n<p>Los participantes podr\u00e1n unirse a la manifestaci\u00f3n vistiendo los colores del tricolor nacional o llevando la bandera de Venezuela. Adem\u00e1s, se les invita a llevar carteles con frases emblem\u00e1ticas que han resonado en cada rinc\u00f3n del pa\u00eds y el mundo, simbolizando el coraje y la unidad del pueblo venezolano.<br><strong><em>ET \/ Agencias<\/em><\/strong><\/p>\n","protected":false},"excerpt":{"rendered":"<p>ENTRE TORMENTAS. En un comunicado, parte de la oposici\u00f3n mayoritaria invit\u00f3 a todos los venezolanos&#8230;<\/p>\n","protected":false},"author":2,"featured_media":12112,"comment_status":"closed","ping_status":"open","sticky":false,"template":"","format":"standard","meta":{"footnotes":""},"categories":[56,49],"tags":[],"class_list":["post-12111","post","type-post","status-publish","format-standard","has-post-thumbnail","hentry","category-destacadas","category-nacionales"],"_links":{"self":[{"href":"https:\/\/entretormentas.com\/index.php?rest_route=\/wp\/v2\/posts\/12111","targetHints":{"allow":["GET"]}}],"collection":[{"href":"https:\/\/entretormentas.com\/index.php?rest_route=\/wp\/v2\/posts"}],"about":[{"href":"https:\/\/entretormentas.com\/index.php?rest_route=\/wp\/v2\/types\/post"}],"author":[{"embeddable":true,"href":"https:\/\/entretormentas.com\/index.php?rest_route=\/wp\/v2\/users\/2"}],"replies":[{"embeddable":true,"href":"https:\/\/entretormentas.com\/index.php?rest_route=%2Fwp%2Fv2%2Fcomments&post=12111"}],"version-history":[{"count":1,"href":"https:\/\/entretormentas.com\/index.php?rest_route=\/wp\/v2\/posts\/12111\/revisions"}],"predecessor-version":[{"id":12113,"href":"https:\/\/entretormentas.com\/index.php?rest_route=\/wp\/v2\/posts\/12111\/revisions\/12113"}],"wp:featuredmedia":[{"embeddable":true,"href":"https:\/\/entretormentas.com\/index.php?rest_route=\/wp\/v2\/media\/12112"}],"wp:attachment":[{"href":"https:\/\/entretormentas.com\/index.php?rest_route=%2Fwp%2Fv2%2Fmedia&parent=12111"}],"wp:term":[{"taxonomy":"category","embeddable":true,"href":"https:\/\/entretormentas.com\/index.php?rest_route=%2Fwp%2Fv2%2Fcategories&post=12111"},{"taxonomy":"post_tag","embeddable":true,"href":"https:\/\/entretormentas.com\/index.php?rest_route=%2Fwp%2Fv2%2Ftags&post=12111"}],"curies":[{"name":"wp","href":"https:\/\/api.w.org\/{rel}","templated":true}]}}