{"id":12114,"date":"2025-01-09T09:45:42","date_gmt":"2025-01-09T08:45:42","guid":{"rendered":"https:\/\/entretormentas.com\/?p=12114"},"modified":"2025-01-09T09:45:42","modified_gmt":"2025-01-09T08:45:42","slug":"desde-miraflores-gobierno-activa-organo-de-seguridad-para-la-defensa-del-pais","status":"publish","type":"post","link":"https:\/\/entretormentas.com\/desde-miraflores-gobierno-activa-organo-de-seguridad-para-la-defensa-del-pais\/","title":{"rendered":"\u00a1DESDE MIRAFLORES! Gobierno activa \u00f3rgano de seguridad para la defensa del pa\u00eds"},"content":{"rendered":"\n<p><strong>ENTRE TORMENTAS. <\/strong>El presidente Nicol\u00e1s Maduro -anunci\u00f3 este mi\u00e9rcoles- el decreto y su publicaci\u00f3n en Gaceta Oficial de la activaci\u00f3n, por primera vez, en forma oficial, de los \u00d3rganos de Direcci\u00f3n de Defensa Integral (ODDI), en todos los niveles, nacional, estatal, municipal y local, como parte del sistema defensivo integral que garantiza la seguridad y la paz del pa\u00eds.<\/p>\n\n\n\n<p>Desde el sal\u00f3n Ayacucho del Palacio de Miraflores en Caracas, Maduro anunci\u00f3 el decreto que activa esta nueva instancia para la defensa, que integrar\u00e1 el poder pol\u00edtico popular, la Fuerza Armada Nacional Bolivariana (FANB), la milicia y las fuerzas policiales, con el objeto de garantizar la paz en todo el pa\u00eds.<\/p>\n\n\n\n<p>\u201cLa clase obrera est\u00e1 en la primera l\u00ednea de la defensa de nuestra soberan\u00eda. Hoy, con este decreto, hacemos un firme compromiso con la paz en cada municipio y parroquia de nuestra Venezuela\u201d, recalc\u00f3.<\/p>\n\n\n\n<p><strong>AMENAZA DE EE.UU.<\/strong><br>El Mandatario advirti\u00f3 que existe una amenaza real contra Venezuela, financiada por el gobierno saliente de los Estados Unidos, de sus gobiernos sat\u00e9lites y de la extrema derecha fascista, por lo que la activaci\u00f3n de de la Constituci\u00f3n y soberan\u00eda del pa\u00eds.<\/p>\n\n\n\n<p>Adem\u00e1s, solicit\u00f3 al Parlamento Naciona para que, este a\u00f1o, se elabore y se apruebe la Ley Especial de la ODDI. Este ser\u00e1 un \u00f3rgano ejecutor del Concejo de Seguridad de la Naci\u00f3n que estar\u00e1 a la orden del Comandante en Jefe de la FANB y Presidente de la Rep\u00fablica.<\/p>\n\n\n\n<p>Durante la jornada, el presidente Maduro contact\u00f3, mediante videoconferencia, con todas las autoridades de los ODDI a nivel nacional, lo que reafirma el car\u00e1cter inclusivo y participativo de esta nueva estructura defensiva, mediante la coordinaci\u00f3n de esfuerzos y promover el entendimiento entre los diversos actores involucrados en la defensa integral, lo que garantiza que todos los municipios y parroquias est\u00e9n alineados en la misi\u00f3n de proteger la soberan\u00eda nacional, junto a los Poderes P\u00fablicos del Estado venezolano.<\/p>\n\n\n\n<p>\u201cEn todos sus niveles, en una interacci\u00f3n pueblo-gobierno, a los fines de cumplir con el principio constitucional de corresponsabilidad para preservar la libertad, la democracia, la soberan\u00eda y la seguridad de la defensa de toda amenaza interna o externa. \u00a1C\u00famplase!\u201d.<br><strong><em>ET \/ VTV<\/em><\/strong><\/p>\n\n\n\n<p><\/p>\n","protected":false},"excerpt":{"rendered":"<p>ENTRE TORMENTAS. El presidente Nicol\u00e1s Maduro -anunci\u00f3 este mi\u00e9rcoles- el decreto y su publicaci\u00f3n en&#8230;<\/p>\n","protected":false},"author":2,"featured_media":12115,"comment_status":"closed","ping_status":"open","sticky":false,"template":"","format":"standard","meta":{"footnotes":""},"categories":[56,49],"tags":[],"class_list":["post-12114","post","type-post","status-publish","format-standard","has-post-thumbnail","hentry","category-destacadas","category-nacionales"],"_links":{"self":[{"href":"https:\/\/entretormentas.com\/index.php?rest_route=\/wp\/v2\/posts\/12114","targetHints":{"allow":["GET"]}}],"collection":[{"href":"https:\/\/entretormentas.com\/index.php?rest_route=\/wp\/v2\/posts"}],"about":[{"href":"https:\/\/entretormentas.com\/index.php?rest_route=\/wp\/v2\/types\/post"}],"author":[{"embeddable":true,"href":"https:\/\/entretormentas.com\/index.php?rest_route=\/wp\/v2\/users\/2"}],"replies":[{"embeddable":true,"href":"https:\/\/entretormentas.com\/index.php?rest_route=%2Fwp%2Fv2%2Fcomments&post=12114"}],"version-history":[{"count":1,"href":"https:\/\/entretormentas.com\/index.php?rest_route=\/wp\/v2\/posts\/12114\/revisions"}],"predecessor-version":[{"id":12116,"href":"https:\/\/entretormentas.com\/index.php?rest_route=\/wp\/v2\/posts\/12114\/revisions\/12116"}],"wp:featuredmedia":[{"embeddable":true,"href":"https:\/\/entretormentas.com\/index.php?rest_route=\/wp\/v2\/media\/12115"}],"wp:attachment":[{"href":"https:\/\/entretormentas.com\/index.php?rest_route=%2Fwp%2Fv2%2Fmedia&parent=12114"}],"wp:term":[{"taxonomy":"category","embeddable":true,"href":"https:\/\/entretormentas.com\/index.php?rest_route=%2Fwp%2Fv2%2Fcategories&post=12114"},{"taxonomy":"post_tag","embeddable":true,"href":"https:\/\/entretormentas.com\/index.php?rest_route=%2Fwp%2Fv2%2Ftags&post=12114"}],"curies":[{"name":"wp","href":"https:\/\/api.w.org\/{rel}","templated":true}]}}