{"id":12117,"date":"2025-01-09T09:49:05","date_gmt":"2025-01-09T08:49:05","guid":{"rendered":"https:\/\/entretormentas.com\/?p=12117"},"modified":"2025-01-09T09:49:06","modified_gmt":"2025-01-09T08:49:06","slug":"petro-detencion-de-enrique-marquez-y-carlos-correa-impide-mi-asistencia-personal-al-acto-de-posesion-de-maduro","status":"publish","type":"post","link":"https:\/\/entretormentas.com\/petro-detencion-de-enrique-marquez-y-carlos-correa-impide-mi-asistencia-personal-al-acto-de-posesion-de-maduro\/","title":{"rendered":"PETRO: \u00abDetenci\u00f3n de Enrique M\u00e1rquez y Carlos Correa impide mi asistencia personal al acto de posesi\u00f3n de Maduro\u00bb"},"content":{"rendered":"\n<p><strong>ENTRE TORMENTAS. <\/strong>El presidente de Colombia, Gustavo Petro, confirm\u00f3 este mi\u00e9rcoles 8 de enero que no asistir\u00e1 el viernes 10 de enero a la posesi\u00f3n presidencial de Nicol\u00e1s Maduro. En una extensa publicaci\u00f3n en su cuenta de X, el jefe de Estado colombiano manifest\u00f3 que \u201cIgual que nuestro amigo Enrique M\u00e1rquez, destacado progresista venezolano, ha sido detenido Carlos Correa, destacado defensor de derechos humanos en Venezuela. Esto, y otros hechos, impide mi asistencia personal al acto de posesi\u00f3n de Nicol\u00e1s Maduro\u201d. \u201cSolicitamos la libertad de todas las personas detenidas por razones pol\u00edticas\u201d.<\/p>\n\n\n\n<p><strong>CUESTIONA LAS ELECCIONES<\/strong><br>El presidente Petro expres\u00f3 \u201cque la solicitud de Colombia no fue atendida en el sentido de m\u00e1xima transparencia en las elecciones pasadas, cuando tal posibilidad se expuso en diversos espacios de encuentro pol\u00edtico al que fuimos invitados. En Europa, en Venezuela y en los EEUU. Las elecciones pasadas en Venezuela no fueron libres. No hay elecciones libres bajo bloqueos\u201d, dijo.<\/p>\n\n\n\n<figure class=\"wp-block-image size-large\"><img fetchpriority=\"high\" decoding=\"async\" width=\"1024\" height=\"1024\" src=\"https:\/\/entretormentas.com\/wp-content\/uploads\/2025\/01\/image-115-1024x1024.png\" alt=\"\" class=\"wp-image-12119\" srcset=\"https:\/\/entretormentas.com\/wp-content\/uploads\/2025\/01\/image-115-1024x1024.png 1024w, https:\/\/entretormentas.com\/wp-content\/uploads\/2025\/01\/image-115-300x300.png 300w, https:\/\/entretormentas.com\/wp-content\/uploads\/2025\/01\/image-115-150x150.png 150w, https:\/\/entretormentas.com\/wp-content\/uploads\/2025\/01\/image-115-768x768.png 768w, https:\/\/entretormentas.com\/wp-content\/uploads\/2025\/01\/image-115.png 1063w\" sizes=\"(max-width: 1024px) 100vw, 1024px\" \/><\/figure>\n\n\n\n<p>\u201cEl gobierno colombiano entiende que nuestros dos pueblos est\u00e1n ligados por sangre, cultura e historia, y que cerrar fronteras, evitar el relacionamiento diplom\u00e1tico y separar nuestros pueblos a la fuerza es de una brutalidad enorme. Lleva a que las fronteras sean de las mafias, y se provoca el hambre de millones de seres humanos colombianos y venezolanos y su \u00e9xodo, y a la violaci\u00f3n sistem\u00e1tica de sus derechos humanos.<\/p>\n\n\n\n<p><strong>NO ROMPER\u00c1 RELACIONES<\/strong><br>\u201cCualquier desavenencia entre los gobiernos no debe serlo entre nuestros pueblos. Colombia no romper\u00e1 relaciones diplom\u00e1ticas con Venezuela, ni intervendr\u00e1 en los asuntos internos de ese pa\u00eds, sin invitaci\u00f3n. Pero solicitamos desde nuestra propia lucha por los derechos humanos en Colombia, se respeten para todos y todas en Venezuela.<\/p>\n\n\n\n<p>Las fuerzas progresistas de Colombia mantendr\u00e1n su relaci\u00f3n de colaboraci\u00f3n y amistad con todas las fuerzas progresistas de Venezuela en procura de una gran dialogo pol\u00edtico y social que lleve a la paz a toda la regi\u00f3n y prevenga la violencia. La libertad de los pueblos es el objetivo de cualquier progresismo.<\/p>\n\n\n\n<p>\u201cNo podemos reconocer las elecciones que no fueron libres y esperamos que estas puedan realizarse pronto sin bloqueos ni intimidaciones internas. Permanecer en el poder y regalar el petr\u00f3leo parece ser la propuesta de varios n\u00facleos de la pol\u00edtica norteamericana. En mi caso personal, jam\u00e1s aceptar\u00e9 tal propuesta\u201d.<\/p>\n\n\n\n<p>\u201cLa unidad el pueblo, a pesar de sus diferencias internas, es la base de una poderosa soberan\u00eda. Por tanto el dialogo interno es el instrumento fundamental de la soberan\u00eda. La lucha de Bol\u00edvar siempre fue por una regi\u00f3n democr\u00e1tica y soberana. Creo que es lo contrario de lo que se propone desde esos n\u00facleos de la pol\u00edtica norteamericana\u201d.<br><strong><em>ET \/ Agencias<\/em><\/strong><\/p>\n","protected":false},"excerpt":{"rendered":"<p>ENTRE TORMENTAS. El presidente de Colombia, Gustavo Petro, confirm\u00f3 este mi\u00e9rcoles 8 de enero que&#8230;<\/p>\n","protected":false},"author":2,"featured_media":12118,"comment_status":"closed","ping_status":"open","sticky":false,"template":"","format":"standard","meta":{"footnotes":""},"categories":[56,48],"tags":[],"class_list":["post-12117","post","type-post","status-publish","format-standard","has-post-thumbnail","hentry","category-destacadas","category-internacionales"],"_links":{"self":[{"href":"https:\/\/entretormentas.com\/index.php?rest_route=\/wp\/v2\/posts\/12117","targetHints":{"allow":["GET"]}}],"collection":[{"href":"https:\/\/entretormentas.com\/index.php?rest_route=\/wp\/v2\/posts"}],"about":[{"href":"https:\/\/entretormentas.com\/index.php?rest_route=\/wp\/v2\/types\/post"}],"author":[{"embeddable":true,"href":"https:\/\/entretormentas.com\/index.php?rest_route=\/wp\/v2\/users\/2"}],"replies":[{"embeddable":true,"href":"https:\/\/entretormentas.com\/index.php?rest_route=%2Fwp%2Fv2%2Fcomments&post=12117"}],"version-history":[{"count":1,"href":"https:\/\/entretormentas.com\/index.php?rest_route=\/wp\/v2\/posts\/12117\/revisions"}],"predecessor-version":[{"id":12120,"href":"https:\/\/entretormentas.com\/index.php?rest_route=\/wp\/v2\/posts\/12117\/revisions\/12120"}],"wp:featuredmedia":[{"embeddable":true,"href":"https:\/\/entretormentas.com\/index.php?rest_route=\/wp\/v2\/media\/12118"}],"wp:attachment":[{"href":"https:\/\/entretormentas.com\/index.php?rest_route=%2Fwp%2Fv2%2Fmedia&parent=12117"}],"wp:term":[{"taxonomy":"category","embeddable":true,"href":"https:\/\/entretormentas.com\/index.php?rest_route=%2Fwp%2Fv2%2Fcategories&post=12117"},{"taxonomy":"post_tag","embeddable":true,"href":"https:\/\/entretormentas.com\/index.php?rest_route=%2Fwp%2Fv2%2Ftags&post=12117"}],"curies":[{"name":"wp","href":"https:\/\/api.w.org\/{rel}","templated":true}]}}