{"id":12121,"date":"2025-01-09T09:53:02","date_gmt":"2025-01-09T08:53:02","guid":{"rendered":"https:\/\/entretormentas.com\/?p=12121"},"modified":"2025-01-09T09:53:03","modified_gmt":"2025-01-09T08:53:03","slug":"ya-esta-en-dominicana-edmundo-gonzalez-se-reune-en-panama-con-expresidentes-latinoamericanos","status":"publish","type":"post","link":"https:\/\/entretormentas.com\/ya-esta-en-dominicana-edmundo-gonzalez-se-reune-en-panama-con-expresidentes-latinoamericanos\/","title":{"rendered":"\u00a1YA EST\u00c1 EN DOMINICANA! Edmundo Gonz\u00e1lez se re\u00fane en Panam\u00e1 con expresidentes latinoamericanos"},"content":{"rendered":"\n<p><strong>ENTRE TORMENTAS. <\/strong>El l\u00edder opositor Edmundo Gonz\u00e1lez Urrutia se reuni\u00f3 en Panam\u00e1 con un grupo de expresidentes latinoamericanos.<\/p>\n\n\n\n<p>Gonz\u00e1lez Urrutia lleg\u00f3 la noche del martes a Panam\u00e1 y la ma\u00f1ana de este mi\u00e9rcoles fue recibido en el palacio presidencial Las Garzas, donde se reuni\u00f3 con el presidente paname\u00f1o, Jos\u00e9 Ra\u00fal Mulino.<\/p>\n\n\n\n<p>En la reuni\u00f3n con el jefe de Estado paname\u00f1o tambi\u00e9n estuvo un grupo de exmandatarios que conforman la Iniciativa Democr\u00e1tica de Espa\u00f1a y las Am\u00e9ricas (IDEA), de acuerdo con la informaci\u00f3n oficial.<\/p>\n\n\n\n<figure class=\"wp-block-image size-full\"><img fetchpriority=\"high\" decoding=\"async\" width=\"275\" height=\"183\" src=\"https:\/\/entretormentas.com\/wp-content\/uploads\/2025\/01\/image-117.png\" alt=\"\" class=\"wp-image-12123\"\/><\/figure>\n\n\n\n<p>Estos son: el colombiano Pastrana; los mexicanos Felipe Calder\u00f3n y Vicente Fox; el paraguayo Mario Abdo Ben\u00edtez; la costarricense Laura Chinchilla; el boliviano Jorge Quiroga; los paname\u00f1os Mireya Moscoso y Ernesto P\u00e9rez Balladares; los ecuatorianos Jorge Jamil Mauad y Guillermo Lasso, y el dominicano Hip\u00f3lito Mej\u00eda, seg\u00fan la informaci\u00f3n oficial paname\u00f1a.<\/p>\n\n\n\n<p>Gonz\u00e1lez Urrutia asisti\u00f3 tambi\u00e9n al \u2018Acto de Reivindicaci\u00f3n de la Democracia en Venezuela y Am\u00e9rica\u2019 en el que se cont\u00f3 con la presencia de un grupo de cancilleres latinoamericanos y de los exmandatarios del IDEA, y adem\u00e1s a un encuentro con la comunidad venezolana en Panam\u00e1.<\/p>\n\n\n\n<p><strong>EDMUNDO VISITA DOMINICANA<\/strong><br>Gonz\u00e1lez Urrutia, que asegura haber ganado las elecciones presidenciales celebradas el pasado 28 de julio, llegar\u00e1 este jueves a Rep\u00fablica Dominicana, donde lo recibir\u00e1 el presidente Luis Abinader en un acto en el Palacio Nacional en Santo Domingo en el que se ha confirmado la presencia de ocho exgobernantes de Latinoam\u00e9rica.<\/p>\n\n\n\n<p>Gonz\u00e1lez Urrutia, llegar\u00e1 al pa\u00eds desde Panam\u00e1, donde este mi\u00e9rcoles se reuni\u00f3 con el presidente de esa naci\u00f3n, Jos\u00e9 Ra\u00fal Mulino.<\/p>\n\n\n\n<p>La Rep\u00fablica Dominicana ser\u00e1 la \u00faltima parada anunciada de la gira que el opositor exiliado en Espa\u00f1a, realiza por Am\u00e9rica de cara al 10 de enero.<br><strong><em>ET \/ EFE<\/em><\/strong><\/p>\n\n\n\n<p><\/p>\n","protected":false},"excerpt":{"rendered":"<p>ENTRE TORMENTAS. El l\u00edder opositor Edmundo Gonz\u00e1lez Urrutia se reuni\u00f3 en Panam\u00e1 con un grupo&#8230;<\/p>\n","protected":false},"author":2,"featured_media":12122,"comment_status":"closed","ping_status":"open","sticky":false,"template":"","format":"standard","meta":{"footnotes":""},"categories":[56,48],"tags":[],"class_list":["post-12121","post","type-post","status-publish","format-standard","has-post-thumbnail","hentry","category-destacadas","category-internacionales"],"_links":{"self":[{"href":"https:\/\/entretormentas.com\/index.php?rest_route=\/wp\/v2\/posts\/12121","targetHints":{"allow":["GET"]}}],"collection":[{"href":"https:\/\/entretormentas.com\/index.php?rest_route=\/wp\/v2\/posts"}],"about":[{"href":"https:\/\/entretormentas.com\/index.php?rest_route=\/wp\/v2\/types\/post"}],"author":[{"embeddable":true,"href":"https:\/\/entretormentas.com\/index.php?rest_route=\/wp\/v2\/users\/2"}],"replies":[{"embeddable":true,"href":"https:\/\/entretormentas.com\/index.php?rest_route=%2Fwp%2Fv2%2Fcomments&post=12121"}],"version-history":[{"count":1,"href":"https:\/\/entretormentas.com\/index.php?rest_route=\/wp\/v2\/posts\/12121\/revisions"}],"predecessor-version":[{"id":12124,"href":"https:\/\/entretormentas.com\/index.php?rest_route=\/wp\/v2\/posts\/12121\/revisions\/12124"}],"wp:featuredmedia":[{"embeddable":true,"href":"https:\/\/entretormentas.com\/index.php?rest_route=\/wp\/v2\/media\/12122"}],"wp:attachment":[{"href":"https:\/\/entretormentas.com\/index.php?rest_route=%2Fwp%2Fv2%2Fmedia&parent=12121"}],"wp:term":[{"taxonomy":"category","embeddable":true,"href":"https:\/\/entretormentas.com\/index.php?rest_route=%2Fwp%2Fv2%2Fcategories&post=12121"},{"taxonomy":"post_tag","embeddable":true,"href":"https:\/\/entretormentas.com\/index.php?rest_route=%2Fwp%2Fv2%2Ftags&post=12121"}],"curies":[{"name":"wp","href":"https:\/\/api.w.org\/{rel}","templated":true}]}}