{"id":12128,"date":"2025-01-10T09:33:25","date_gmt":"2025-01-10T08:33:25","guid":{"rendered":"https:\/\/entretormentas.com\/?p=12128"},"modified":"2025-01-10T09:33:26","modified_gmt":"2025-01-10T08:33:26","slug":"en-las-casitas-de-salud-alcaldia-de-san-francisco-cierra-2024-con-mas-de-18-mil-pacientes-atendidos","status":"publish","type":"post","link":"https:\/\/entretormentas.com\/en-las-casitas-de-salud-alcaldia-de-san-francisco-cierra-2024-con-mas-de-18-mil-pacientes-atendidos\/","title":{"rendered":"\u00a1EN LAS CASITAS DE SALUD! Alcald\u00eda de San Francisco cierra 2024 con m\u00e1s de 18 mil pacientes atendidos"},"content":{"rendered":"\n<p><strong>ENTRE TORMENTAS. <\/strong>Afianzando el compromiso del alcalde Gustavo Fern\u00e1ndez en el \u00e1rea de salud, el trabajo desplegado en las comunidades del municipio San Francisco, a trav\u00e9s de las \u00abCasitas de Salud\u00bb, adscritas a Imsasur, benefici\u00f3 a m\u00e1s de 18 mil pacientes entre ni\u00f1os, j\u00f3venes y adultos mayores, con atenci\u00f3n primaria y consultas generales.<\/p>\n\n\n\n<p>El Dr. Juan Carlos Rangel, presidente de Imsasur, inform\u00f3 que este programa m\u00e9dico es de car\u00e1cter gratuito como todos los servicios que ofrece la Alcald\u00eda de San Francisco en el \u00e1rea de salud, y tambi\u00e9n es una forma de brindar atenci\u00f3n m\u00e9dica con inmediatez, a quienes no pueden trasladarse a la sede Imsasur \u00f3 a otros centros hospitalarios.<\/p>\n\n\n\n<p>Rangel explic\u00f3 que dependiendo del caso m\u00e9dico, el paciente es evaluado por el doctor de guardia y una enfermera, si lo amerita, es remitido a un especialista ubicado en Imsasur, con el fin de que el usuario sea atendido en la brevedad posible, cumpliendo con los protocolos de ingreso y evaluaciones iniciales.<\/p>\n\n\n\n<figure class=\"wp-block-image size-large\"><img fetchpriority=\"high\" decoding=\"async\" width=\"1024\" height=\"682\" src=\"https:\/\/entretormentas.com\/wp-content\/uploads\/2025\/01\/image-120-1024x682.png\" alt=\"\" class=\"wp-image-12130\" srcset=\"https:\/\/entretormentas.com\/wp-content\/uploads\/2025\/01\/image-120-1024x682.png 1024w, https:\/\/entretormentas.com\/wp-content\/uploads\/2025\/01\/image-120-300x200.png 300w, https:\/\/entretormentas.com\/wp-content\/uploads\/2025\/01\/image-120-768x512.png 768w, https:\/\/entretormentas.com\/wp-content\/uploads\/2025\/01\/image-120.png 1280w\" sizes=\"(max-width: 1024px) 100vw, 1024px\" \/><\/figure>\n\n\n\n<p>Con un promedio de 130 pacientes atendidos mensualmente, trabajan las 16 Casitas de Salud, instaladas en las parroquias del municipio San Francisco, este plan m\u00e9dico, tiene como objetivo llegar a m\u00e1s hogares sure\u00f1os, con atenci\u00f3n de calidad en un horario comprendido de 8:00 am a 4:00 pm .<\/p>\n\n\n\n<p>Algunos de los consultorios m\u00e9dicos se encuentran ubicados en la parroquia Jos\u00e9 Domingo Rus, entre ellos la Casita Villa Chinita, Caujaro, Los Samanes, Prados del Sur, Ciudadela Rafael Caldera, Comandancia Polic\u00edal El Soler, Santa Fe 1, y Camino de Jes\u00fas. Mientras que en la parroquia Los Cortijos, se encuentran ubicadas la Casita Dr. Emil Soto, Dr. Alexander Gotera, Dr. Jorge Garc\u00eda, y Jos\u00e9 Toyo.<\/p>\n\n\n\n<p>La alcald\u00eda de San Francisco contin\u00faa avanzando en la gesti\u00f3n del sector salud, todas las parroquias cuentan con promotores comunitarios, quienes son los encargados de informar a las comunidades sobre el funcionamiento de estos consultorios, los cuales se encuentran al servicio de la comunidad durante todo el a\u00f1o.<br><strong><em>ET \/ Alcald\u00eda de San Francisco<\/em><\/strong><\/p>\n","protected":false},"excerpt":{"rendered":"<p>ENTRE TORMENTAS. Afianzando el compromiso del alcalde Gustavo Fern\u00e1ndez en el \u00e1rea de salud, el&#8230;<\/p>\n","protected":false},"author":2,"featured_media":12129,"comment_status":"closed","ping_status":"open","sticky":false,"template":"","format":"standard","meta":{"footnotes":""},"categories":[57,1],"tags":[],"class_list":["post-12128","post","type-post","status-publish","format-standard","has-post-thumbnail","hentry","category-actualidad","category-regionales"],"_links":{"self":[{"href":"https:\/\/entretormentas.com\/index.php?rest_route=\/wp\/v2\/posts\/12128","targetHints":{"allow":["GET"]}}],"collection":[{"href":"https:\/\/entretormentas.com\/index.php?rest_route=\/wp\/v2\/posts"}],"about":[{"href":"https:\/\/entretormentas.com\/index.php?rest_route=\/wp\/v2\/types\/post"}],"author":[{"embeddable":true,"href":"https:\/\/entretormentas.com\/index.php?rest_route=\/wp\/v2\/users\/2"}],"replies":[{"embeddable":true,"href":"https:\/\/entretormentas.com\/index.php?rest_route=%2Fwp%2Fv2%2Fcomments&post=12128"}],"version-history":[{"count":1,"href":"https:\/\/entretormentas.com\/index.php?rest_route=\/wp\/v2\/posts\/12128\/revisions"}],"predecessor-version":[{"id":12131,"href":"https:\/\/entretormentas.com\/index.php?rest_route=\/wp\/v2\/posts\/12128\/revisions\/12131"}],"wp:featuredmedia":[{"embeddable":true,"href":"https:\/\/entretormentas.com\/index.php?rest_route=\/wp\/v2\/media\/12129"}],"wp:attachment":[{"href":"https:\/\/entretormentas.com\/index.php?rest_route=%2Fwp%2Fv2%2Fmedia&parent=12128"}],"wp:term":[{"taxonomy":"category","embeddable":true,"href":"https:\/\/entretormentas.com\/index.php?rest_route=%2Fwp%2Fv2%2Fcategories&post=12128"},{"taxonomy":"post_tag","embeddable":true,"href":"https:\/\/entretormentas.com\/index.php?rest_route=%2Fwp%2Fv2%2Ftags&post=12128"}],"curies":[{"name":"wp","href":"https:\/\/api.w.org\/{rel}","templated":true}]}}