{"id":12132,"date":"2025-01-10T09:36:52","date_gmt":"2025-01-10T08:36:52","guid":{"rendered":"https:\/\/entretormentas.com\/?p=12132"},"modified":"2025-01-10T09:36:52","modified_gmt":"2025-01-10T08:36:52","slug":"la-preside-omar-molina-concejo-municipal-de-maracaibo-instala-y-juramenta-la-junta-directiva-para-el-2025","status":"publish","type":"post","link":"https:\/\/entretormentas.com\/la-preside-omar-molina-concejo-municipal-de-maracaibo-instala-y-juramenta-la-junta-directiva-para-el-2025\/","title":{"rendered":"\u00a1LA PRESIDE OMAR MOLINA! Concejo Municipal de Maracaibo instala y juramenta la Junta Directiva para el 2025"},"content":{"rendered":"\n<p><strong>ENTRE TORMENTAS.<\/strong> En una sesi\u00f3n solemne cargada de significado, el Concejo Municipal de Maracaibo llev\u00f3 a cabo la instalaci\u00f3n y juramentaci\u00f3n de la nueva Junta Directiva para el Ejercicio Fiscal 2025, donde el concejal, Omar Molina fue electo como nuevo presidente del ente legislativo, comprometi\u00e9ndose a liderar este nuevo periodo con transparencia, dedicaci\u00f3n y visi\u00f3n para el progreso de la ciudad.<\/p>\n\n\n\n<p>Durante su discurso de toma de posesi\u00f3n, Molina expres\u00f3 su agradecimiento por la confianza depositada en su liderazgo. \u00abAsumir este cargo es un honor y una gran responsabilidad. Mi compromiso es trabajar de manera incansable para garantizar que nuestras acciones se traduzcan en bienestar y desarrollo para cada uno de los marabinos. Este Concejo ser\u00e1 un espacio de di\u00e1logo, construcci\u00f3n y soluciones\u00bb, afirm\u00f3.<\/p>\n\n\n\n<figure class=\"wp-block-image size-large\"><img fetchpriority=\"high\" decoding=\"async\" width=\"1024\" height=\"682\" src=\"https:\/\/entretormentas.com\/wp-content\/uploads\/2025\/01\/image-123-1024x682.png\" alt=\"\" class=\"wp-image-12135\" srcset=\"https:\/\/entretormentas.com\/wp-content\/uploads\/2025\/01\/image-123-1024x682.png 1024w, https:\/\/entretormentas.com\/wp-content\/uploads\/2025\/01\/image-123-300x200.png 300w, https:\/\/entretormentas.com\/wp-content\/uploads\/2025\/01\/image-123-768x512.png 768w, https:\/\/entretormentas.com\/wp-content\/uploads\/2025\/01\/image-123.png 1280w\" sizes=\"(max-width: 1024px) 100vw, 1024px\" \/><\/figure>\n\n\n\n<p>Molina cuenta con una s\u00f3lida trayectoria pol\u00edtica y social en Maracaibo. Ha desempe\u00f1ado diversos roles en la administraci\u00f3n p\u00fablica y en iniciativas comunitarias, destac\u00e1ndose por su trabajo cercano a las comunidades y su enfoque en la promoci\u00f3n de pol\u00edticas p\u00fablicas orientadas al bienestar colectivo. Su experiencia en la gesti\u00f3n municipal y su car\u00e1cter conciliador lo posicionan como un l\u00edder clave para este nuevo periodo.<\/p>\n\n\n\n<p>En la misma jornada, se eligi\u00f3 a la concejal, Yineska Contreras, como primera vicepresidenta y al concejal, Jaime Buelvas como segundo vicepresidente, quienes asumir\u00e1n junto a Molina la conducci\u00f3n de las labores legislativas en el ejercicio fiscal 2025.<\/p>\n\n\n\n<p>Asimismo, por cuarto a\u00f1o consecutivo, el licenciado Danilo Naranjo fue reelecto como secretario del Concejo Municipal, consolidando su liderazgo administrativo. Por su parte, el licenciado Levin Bracho fue designado como subsecretario, asumiendo nuevos desaf\u00edos en esta etapa.<\/p>\n\n\n\n<p>El presidente saliente, el concejal, Jos\u00e9 Berm\u00fadez, ofreci\u00f3 unas sentidas palabras de despedida, en las que resalt\u00f3 los logros alcanzados durante su gesti\u00f3n. \u00abHa sido un privilegio servir a los ciudadanos de Maracaibo desde esta posici\u00f3n. Dejo este cargo con la certeza de que este Concejo est\u00e1 en buenas manos y seguir\u00e1 trabajando por el desarrollo de nuestra ciudad\u00bb, expres\u00f3.<\/p>\n\n\n\n<figure class=\"wp-block-image size-large\"><img decoding=\"async\" width=\"1024\" height=\"740\" src=\"https:\/\/entretormentas.com\/wp-content\/uploads\/2025\/01\/image-122-1024x740.png\" alt=\"\" class=\"wp-image-12134\" srcset=\"https:\/\/entretormentas.com\/wp-content\/uploads\/2025\/01\/image-122-1024x740.png 1024w, https:\/\/entretormentas.com\/wp-content\/uploads\/2025\/01\/image-122-300x217.png 300w, https:\/\/entretormentas.com\/wp-content\/uploads\/2025\/01\/image-122-768x555.png 768w, https:\/\/entretormentas.com\/wp-content\/uploads\/2025\/01\/image-122.png 1280w\" sizes=\"(max-width: 1024px) 100vw, 1024px\" \/><\/figure>\n\n\n\n<p>El acto cont\u00f3 con la presencia del alcalde encargado, Adri\u00e1n Romero y diversas autoridades municipales, l\u00edderes comunitarios y representantes de diversos sectores, quienes manifestaron su respaldo a la nueva directiva y reiteraron su confianza en el fortalecimiento del trabajo legislativo en favor de Maracaibo.<\/p>\n\n\n\n<p>El Concejo Municipal de Maracaibo reafirma su compromiso con los ciudadanos y celebra el inicio de esta nueva etapa legislativa, guiada por el esfuerzo conjunto y la dedicaci\u00f3n de sus integrantes.<br><strong><em>ET \/ Nota de Prensa<\/em><\/strong><\/p>\n\n\n\n<p><\/p>\n","protected":false},"excerpt":{"rendered":"<p>ENTRE TORMENTAS. En una sesi\u00f3n solemne cargada de significado, el Concejo Municipal de Maracaibo llev\u00f3&#8230;<\/p>\n","protected":false},"author":2,"featured_media":12133,"comment_status":"closed","ping_status":"open","sticky":false,"template":"","format":"standard","meta":{"footnotes":""},"categories":[57,1],"tags":[],"class_list":["post-12132","post","type-post","status-publish","format-standard","has-post-thumbnail","hentry","category-actualidad","category-regionales"],"_links":{"self":[{"href":"https:\/\/entretormentas.com\/index.php?rest_route=\/wp\/v2\/posts\/12132","targetHints":{"allow":["GET"]}}],"collection":[{"href":"https:\/\/entretormentas.com\/index.php?rest_route=\/wp\/v2\/posts"}],"about":[{"href":"https:\/\/entretormentas.com\/index.php?rest_route=\/wp\/v2\/types\/post"}],"author":[{"embeddable":true,"href":"https:\/\/entretormentas.com\/index.php?rest_route=\/wp\/v2\/users\/2"}],"replies":[{"embeddable":true,"href":"https:\/\/entretormentas.com\/index.php?rest_route=%2Fwp%2Fv2%2Fcomments&post=12132"}],"version-history":[{"count":1,"href":"https:\/\/entretormentas.com\/index.php?rest_route=\/wp\/v2\/posts\/12132\/revisions"}],"predecessor-version":[{"id":12136,"href":"https:\/\/entretormentas.com\/index.php?rest_route=\/wp\/v2\/posts\/12132\/revisions\/12136"}],"wp:featuredmedia":[{"embeddable":true,"href":"https:\/\/entretormentas.com\/index.php?rest_route=\/wp\/v2\/media\/12133"}],"wp:attachment":[{"href":"https:\/\/entretormentas.com\/index.php?rest_route=%2Fwp%2Fv2%2Fmedia&parent=12132"}],"wp:term":[{"taxonomy":"category","embeddable":true,"href":"https:\/\/entretormentas.com\/index.php?rest_route=%2Fwp%2Fv2%2Fcategories&post=12132"},{"taxonomy":"post_tag","embeddable":true,"href":"https:\/\/entretormentas.com\/index.php?rest_route=%2Fwp%2Fv2%2Ftags&post=12132"}],"curies":[{"name":"wp","href":"https:\/\/api.w.org\/{rel}","templated":true}]}}