{"id":12137,"date":"2025-01-10T09:40:33","date_gmt":"2025-01-10T08:40:33","guid":{"rendered":"https:\/\/entretormentas.com\/?p=12137"},"modified":"2025-01-10T09:40:34","modified_gmt":"2025-01-10T08:40:34","slug":"culmino-en-la-plazoleta-de-la-basilica-realiza-la-gran-caravana-contra-el-fascismo-en-zulia","status":"publish","type":"post","link":"https:\/\/entretormentas.com\/culmino-en-la-plazoleta-de-la-basilica-realiza-la-gran-caravana-contra-el-fascismo-en-zulia\/","title":{"rendered":"\u00a1CULMIN\u00d3 EN LA PLAZOLETA DE LA BAS\u00cdLICA! realiza la \u201cGran caravana contra el fascismo\u201d en Zulia"},"content":{"rendered":"\n<p><strong>ENTRE TORMENTAS.<\/strong> Este jueves 9 de enero el chavismo en el Zulia se uni\u00f3 a la \u201cGran caravana contra el fascismo\u201d, convocada por el Partido Socialista Unido de Venezuela (Psuv) y que tuvo lugar en varias ciudades de Venezuela.<\/p>\n\n\n\n<p>La movilizaci\u00f3n que estuvo encabezada por el General N\u00e9stor Reverol, presidente de Corpozulia, adem\u00e1s de varios dirigentes regionales del oficialismo, inici\u00f3 su recorrido desde Punta Iguana, ubicado en el municipio Santa Rita, varios dirigentes y simpatizantes del PSUV, con motocicletas, camiones y otros veh\u00edculos. Los participantes recorrieron el Puente G\/J Rafael Urdaneta,<\/p>\n\n\n\n<p>El trayecto fue realizado pasando por el municipio San Francisco hasta llegar al centro de Maracaibo, espec\u00edficamente a la Plazoleta de la Bas\u00edlica de Nuestra Se\u00f1ora del Rosario de Chiquinquir\u00e1.<br><strong><em>ET \/ Foco Informativo<\/em><\/strong><\/p>\n","protected":false},"excerpt":{"rendered":"<p>ENTRE TORMENTAS. Este jueves 9 de enero el chavismo en el Zulia se uni\u00f3 a&#8230;<\/p>\n","protected":false},"author":2,"featured_media":12138,"comment_status":"closed","ping_status":"open","sticky":false,"template":"","format":"standard","meta":{"footnotes":""},"categories":[57,1],"tags":[],"class_list":["post-12137","post","type-post","status-publish","format-standard","has-post-thumbnail","hentry","category-actualidad","category-regionales"],"_links":{"self":[{"href":"https:\/\/entretormentas.com\/index.php?rest_route=\/wp\/v2\/posts\/12137","targetHints":{"allow":["GET"]}}],"collection":[{"href":"https:\/\/entretormentas.com\/index.php?rest_route=\/wp\/v2\/posts"}],"about":[{"href":"https:\/\/entretormentas.com\/index.php?rest_route=\/wp\/v2\/types\/post"}],"author":[{"embeddable":true,"href":"https:\/\/entretormentas.com\/index.php?rest_route=\/wp\/v2\/users\/2"}],"replies":[{"embeddable":true,"href":"https:\/\/entretormentas.com\/index.php?rest_route=%2Fwp%2Fv2%2Fcomments&post=12137"}],"version-history":[{"count":1,"href":"https:\/\/entretormentas.com\/index.php?rest_route=\/wp\/v2\/posts\/12137\/revisions"}],"predecessor-version":[{"id":12139,"href":"https:\/\/entretormentas.com\/index.php?rest_route=\/wp\/v2\/posts\/12137\/revisions\/12139"}],"wp:featuredmedia":[{"embeddable":true,"href":"https:\/\/entretormentas.com\/index.php?rest_route=\/wp\/v2\/media\/12138"}],"wp:attachment":[{"href":"https:\/\/entretormentas.com\/index.php?rest_route=%2Fwp%2Fv2%2Fmedia&parent=12137"}],"wp:term":[{"taxonomy":"category","embeddable":true,"href":"https:\/\/entretormentas.com\/index.php?rest_route=%2Fwp%2Fv2%2Fcategories&post=12137"},{"taxonomy":"post_tag","embeddable":true,"href":"https:\/\/entretormentas.com\/index.php?rest_route=%2Fwp%2Fv2%2Ftags&post=12137"}],"curies":[{"name":"wp","href":"https:\/\/api.w.org\/{rel}","templated":true}]}}