{"id":12153,"date":"2025-01-10T09:50:53","date_gmt":"2025-01-10T08:50:53","guid":{"rendered":"https:\/\/entretormentas.com\/?p=12153"},"modified":"2025-01-10T09:50:53","modified_gmt":"2025-01-10T08:50:53","slug":"antes-de-la-asuncion-presidencial-oposicion-venezolana-en-el-exterior-se-concentra-este-9ene","status":"publish","type":"post","link":"https:\/\/entretormentas.com\/antes-de-la-asuncion-presidencial-oposicion-venezolana-en-el-exterior-se-concentra-este-9ene\/","title":{"rendered":"\u00a1ANTES DE LA ASUNCI\u00d3N PRESIDENCIAL! Oposici\u00f3n venezolana en el exterior se concentra este #9Ene"},"content":{"rendered":"\n<p><strong>ENTRE TORMENTAS. <\/strong>Opositores venezolanos se concentraron este jueves en diversas ciudades de todo el mundo, en una jornada de movilizaciones convocada en v\u00edspera de la asunci\u00f3n presidencial en Venezuela y en respuesta al llamado de la l\u00edder de la oposici\u00f3n venezolana, Mar\u00eda Corina Machado.<\/p>\n\n\n\n<p>Bajo el lema \u2018Gloria bravo pueblo\u2019, decenas de venezolanos se empezaron a concentrar en lugares simb\u00f3licos de varias ciudades del mundo para expresar su apoyo a los l\u00edderes de la oposici\u00f3n.<\/p>\n\n\n\n<p>De acuerdo con una rese\u00f1a de EFE, a trav\u00e9s de las redes sociales se compartieron im\u00e1genes de las manifestaciones en pa\u00edses como Australia, Malasia, Jap\u00f3n, B\u00e9lgica o Pa\u00edses Bajos.<\/p>\n\n\n\n<p>Posteriormente se registraron decenas de concentraciones en otras capitales. Seg\u00fan la organizaci\u00f3n Gan\u00f3 Venezuela, que se define como una \u00abfuerza organizada de venezolanos comprometidos con la defensa de la voluntad ciudadana expresada en las elecciones del 28 de julio de 2024\u00bb, se programaron protestas en los cinco continentes, y se exhort\u00f3 a los participantes que portaran una bandera de su pa\u00eds y vistieran de amarillo, azul o rojo.<\/p>\n\n\n\n<p>Una de las manifestaciones m\u00e1s numerosas se registr\u00f3 en Madrid, con la asistencia de representantes actuales e hist\u00f3ricos de la derecha espa\u00f1ola, entre ellos los expresidentes conservadores Jos\u00e9 Mar\u00eda Aznar y Mariano Rajoy, el l\u00edder de la oposici\u00f3n, Alberto N\u00fa\u00f1ez Feij\u00f3o, y el ultraderechista Santiago Abascal.<br><strong><em>ET \/ EFE<\/em><\/strong><\/p>\n\n\n\n<p><\/p>\n","protected":false},"excerpt":{"rendered":"<p>ENTRE TORMENTAS. Opositores venezolanos se concentraron este jueves en diversas ciudades de todo el mundo,&#8230;<\/p>\n","protected":false},"author":2,"featured_media":12154,"comment_status":"closed","ping_status":"open","sticky":false,"template":"","format":"standard","meta":{"footnotes":""},"categories":[56,48],"tags":[],"class_list":["post-12153","post","type-post","status-publish","format-standard","has-post-thumbnail","hentry","category-destacadas","category-internacionales"],"_links":{"self":[{"href":"https:\/\/entretormentas.com\/index.php?rest_route=\/wp\/v2\/posts\/12153","targetHints":{"allow":["GET"]}}],"collection":[{"href":"https:\/\/entretormentas.com\/index.php?rest_route=\/wp\/v2\/posts"}],"about":[{"href":"https:\/\/entretormentas.com\/index.php?rest_route=\/wp\/v2\/types\/post"}],"author":[{"embeddable":true,"href":"https:\/\/entretormentas.com\/index.php?rest_route=\/wp\/v2\/users\/2"}],"replies":[{"embeddable":true,"href":"https:\/\/entretormentas.com\/index.php?rest_route=%2Fwp%2Fv2%2Fcomments&post=12153"}],"version-history":[{"count":1,"href":"https:\/\/entretormentas.com\/index.php?rest_route=\/wp\/v2\/posts\/12153\/revisions"}],"predecessor-version":[{"id":12155,"href":"https:\/\/entretormentas.com\/index.php?rest_route=\/wp\/v2\/posts\/12153\/revisions\/12155"}],"wp:featuredmedia":[{"embeddable":true,"href":"https:\/\/entretormentas.com\/index.php?rest_route=\/wp\/v2\/media\/12154"}],"wp:attachment":[{"href":"https:\/\/entretormentas.com\/index.php?rest_route=%2Fwp%2Fv2%2Fmedia&parent=12153"}],"wp:term":[{"taxonomy":"category","embeddable":true,"href":"https:\/\/entretormentas.com\/index.php?rest_route=%2Fwp%2Fv2%2Fcategories&post=12153"},{"taxonomy":"post_tag","embeddable":true,"href":"https:\/\/entretormentas.com\/index.php?rest_route=%2Fwp%2Fv2%2Ftags&post=12153"}],"curies":[{"name":"wp","href":"https:\/\/api.w.org\/{rel}","templated":true}]}}