{"id":12160,"date":"2025-01-10T09:55:11","date_gmt":"2025-01-10T08:55:11","guid":{"rendered":"https:\/\/entretormentas.com\/?p=12160"},"modified":"2025-01-10T09:55:12","modified_gmt":"2025-01-10T08:55:12","slug":"llaman-a-respetar-resultados-del-28-jul-obispos-de-venezuela-reiteran-su-acompanamiento-al-pueblo","status":"publish","type":"post","link":"https:\/\/entretormentas.com\/llaman-a-respetar-resultados-del-28-jul-obispos-de-venezuela-reiteran-su-acompanamiento-al-pueblo\/","title":{"rendered":"\u00a1LLAMAN A RESPETAR RESULTADOS DEL #28-JUL! Obispos de Venezuela reiteran su acompa\u00f1amiento al pueblo"},"content":{"rendered":"\n<p><strong>ENTRE TORMENTAS.<\/strong> La Conferencia Episcopal Venezolana (CEV) emiti\u00f3 un nuevo comunicado sobre la situaci\u00f3n pol\u00edtica del pa\u00eds y manifestaron que seguir\u00e1n acompa\u00f1ando a los venezolanos en las diversas circunstancias que les toca vivir.<\/p>\n\n\n\n<p>\u00abComo pastores de la Iglesia reiteramos nuestro compromiso de acompa\u00f1ar al pueblo venezolano en sus alegr\u00edas y sufrimientos, y contribuir, a trav\u00e9s de la cotidiana acci\u00f3n evangelizadora, a que reinen en nuestro pa\u00eds el respeto de la dignidad de la persona, la verdad, la justicia, el estado de derecho, la libertad y la paz\u00bb, reza un comunicado de la CEV.<\/p>\n\n\n\n<p>Asimismo los obispos llaman a que se respete la voluntad popular expresada el pasado 28 de julio de 2024, cuando el pueblo se decidi\u00f3 por la democracia.<\/p>\n\n\n\n<p>\u00abComo ya lo hemos expresado, el pueblo de Venezuela en el ejercicio de la soberan\u00eda que le garantiza la Constituci\u00f3n (art. 5) manifest\u00f3, con su participaci\u00f3n y voto en las elecciones presidenciales del pasado 28 de julio, su clara y decidida opci\u00f3n por la democracia. Esta decisi\u00f3n debe ser respetada\u00bb, contin\u00faa el texto.<\/p>\n\n\n\n<p>El comunicado est\u00e1 firmado por el presidente de la CEV, monse\u00f1or Jes\u00fas Gonz\u00e1lez de Z\u00e1rate Salas, arzobispo de Valencia; as\u00ed como por monse\u00f1or Mario Moronta Rodr\u00edguez y monse\u00f1or Ulises Guti\u00e9rrez Reyes, primer y segundo vicepresidentes de la CEV, respectivamente; adem\u00e1s del secretario general de la Conferencia, monse\u00f1or Jos\u00e9 Antonio Da Conceicao.<br><strong><em>ET \/ Agencias<\/em><\/strong><\/p>\n","protected":false},"excerpt":{"rendered":"<p>ENTRE TORMENTAS. La Conferencia Episcopal Venezolana (CEV) emiti\u00f3 un nuevo comunicado sobre la situaci\u00f3n pol\u00edtica&#8230;<\/p>\n","protected":false},"author":2,"featured_media":12161,"comment_status":"closed","ping_status":"open","sticky":false,"template":"","format":"standard","meta":{"footnotes":""},"categories":[56,49],"tags":[],"class_list":["post-12160","post","type-post","status-publish","format-standard","has-post-thumbnail","hentry","category-destacadas","category-nacionales"],"_links":{"self":[{"href":"https:\/\/entretormentas.com\/index.php?rest_route=\/wp\/v2\/posts\/12160","targetHints":{"allow":["GET"]}}],"collection":[{"href":"https:\/\/entretormentas.com\/index.php?rest_route=\/wp\/v2\/posts"}],"about":[{"href":"https:\/\/entretormentas.com\/index.php?rest_route=\/wp\/v2\/types\/post"}],"author":[{"embeddable":true,"href":"https:\/\/entretormentas.com\/index.php?rest_route=\/wp\/v2\/users\/2"}],"replies":[{"embeddable":true,"href":"https:\/\/entretormentas.com\/index.php?rest_route=%2Fwp%2Fv2%2Fcomments&post=12160"}],"version-history":[{"count":1,"href":"https:\/\/entretormentas.com\/index.php?rest_route=\/wp\/v2\/posts\/12160\/revisions"}],"predecessor-version":[{"id":12162,"href":"https:\/\/entretormentas.com\/index.php?rest_route=\/wp\/v2\/posts\/12160\/revisions\/12162"}],"wp:featuredmedia":[{"embeddable":true,"href":"https:\/\/entretormentas.com\/index.php?rest_route=\/wp\/v2\/media\/12161"}],"wp:attachment":[{"href":"https:\/\/entretormentas.com\/index.php?rest_route=%2Fwp%2Fv2%2Fmedia&parent=12160"}],"wp:term":[{"taxonomy":"category","embeddable":true,"href":"https:\/\/entretormentas.com\/index.php?rest_route=%2Fwp%2Fv2%2Fcategories&post=12160"},{"taxonomy":"post_tag","embeddable":true,"href":"https:\/\/entretormentas.com\/index.php?rest_route=%2Fwp%2Fv2%2Ftags&post=12160"}],"curies":[{"name":"wp","href":"https:\/\/api.w.org\/{rel}","templated":true}]}}