{"id":12172,"date":"2025-01-10T10:03:35","date_gmt":"2025-01-10T09:03:35","guid":{"rendered":"https:\/\/entretormentas.com\/?p=12172"},"modified":"2025-01-10T10:03:35","modified_gmt":"2025-01-10T09:03:35","slug":"salio-de-la-clandestinidad-oficialismo-califica-de-show-y-engano-detencion-de-mcm","status":"publish","type":"post","link":"https:\/\/entretormentas.com\/salio-de-la-clandestinidad-oficialismo-califica-de-show-y-engano-detencion-de-mcm\/","title":{"rendered":"\u00a1SALI\u00d3 DE LA CLANDESTINIDAD! Oficialismo califica de \u00abshow\u00bb y \u00abenga\u00f1o\u00bb detenci\u00f3n de MCM"},"content":{"rendered":"\n<p><strong>ENTRE TORMENTAS.<\/strong> Luego de aparecer en un video publicado en redes sociales, donde la dirigente pol\u00edtica, Mar\u00eda Corina Machado asegura que est\u00e1 bien, la tarde de este jueves, el Gobierno calific\u00f3 de \u00abshow\u00bb y \u00abenga\u00f1o\u00bb su detenci\u00f3n.<\/p>\n\n\n\n<p>El vicepresidente sectorial de Comunicaci\u00f3n, Cultura y Turismo, Freddy \u00d1\u00e1\u00f1ez, manifest\u00f3 que \u00abla maniobra de la distracci\u00f3n medi\u00e1tica no es nueva, por lo tanto, nadie debe sorprenderse. Menos viniendo de los fascistas que son los art\u00edfices del enga\u00f1o\u201d.<\/p>\n\n\n\n<figure class=\"wp-block-image size-full\"><img fetchpriority=\"high\" decoding=\"async\" width=\"677\" height=\"338\" src=\"https:\/\/entretormentas.com\/wp-content\/uploads\/2025\/01\/image-140.png\" alt=\"\" class=\"wp-image-12174\" srcset=\"https:\/\/entretormentas.com\/wp-content\/uploads\/2025\/01\/image-140.png 677w, https:\/\/entretormentas.com\/wp-content\/uploads\/2025\/01\/image-140-300x150.png 300w\" sizes=\"(max-width: 677px) 100vw, 677px\" \/><\/figure>\n\n\n\n<p>N\u00e1\u00f1ez denunci\u00f3 que la derecha venezolana vendi\u00f3 en todos los medios nacionales e internacionales, as\u00ed como en redes sociales que Machado hab\u00eda sido detenida por \u201cmotorizados del r\u00e9gimen\u201d, para desviar la atenci\u00f3n de la fracasada convocatoria que realiz\u00f3 la ultraderechista.<\/p>\n\n\n\n<p>\u201cEn virtud del fracaso, del bulo, salen ellos mismos a desdecirse. Ni as\u00ed podr\u00edan tapar el fracaso de su convocatoria hoy 9 de enero ni la ausencia de Edmundo el 10. Alguien deb\u00eda darles la noticia: el tiempo de los pendejos ya pas\u00f3\u201d, manifest\u00f3 \u00d1\u00e1\u00f1ez en sus redes sociales.<\/p>\n\n\n\n<p>Horas antes, el Comando Con Venezuela habr\u00eda informado sobre el presunto incidente, donde supuestamente funcionarios de seguridad del Estado habr\u00edan \u201cdisparado\u201d contra las motos en las que se trasladaba Mar\u00eda Corina Machado, mientras sal\u00eda de la concentraci\u00f3n en Chacao en Caracas.<br><strong><em>ET \/ VTV<\/em><\/strong><\/p>\n","protected":false},"excerpt":{"rendered":"<p>ENTRE TORMENTAS. Luego de aparecer en un video publicado en redes sociales, donde la dirigente&#8230;<\/p>\n","protected":false},"author":2,"featured_media":12173,"comment_status":"closed","ping_status":"open","sticky":false,"template":"","format":"standard","meta":{"footnotes":""},"categories":[56,49],"tags":[],"class_list":["post-12172","post","type-post","status-publish","format-standard","has-post-thumbnail","hentry","category-destacadas","category-nacionales"],"_links":{"self":[{"href":"https:\/\/entretormentas.com\/index.php?rest_route=\/wp\/v2\/posts\/12172","targetHints":{"allow":["GET"]}}],"collection":[{"href":"https:\/\/entretormentas.com\/index.php?rest_route=\/wp\/v2\/posts"}],"about":[{"href":"https:\/\/entretormentas.com\/index.php?rest_route=\/wp\/v2\/types\/post"}],"author":[{"embeddable":true,"href":"https:\/\/entretormentas.com\/index.php?rest_route=\/wp\/v2\/users\/2"}],"replies":[{"embeddable":true,"href":"https:\/\/entretormentas.com\/index.php?rest_route=%2Fwp%2Fv2%2Fcomments&post=12172"}],"version-history":[{"count":1,"href":"https:\/\/entretormentas.com\/index.php?rest_route=\/wp\/v2\/posts\/12172\/revisions"}],"predecessor-version":[{"id":12175,"href":"https:\/\/entretormentas.com\/index.php?rest_route=\/wp\/v2\/posts\/12172\/revisions\/12175"}],"wp:featuredmedia":[{"embeddable":true,"href":"https:\/\/entretormentas.com\/index.php?rest_route=\/wp\/v2\/media\/12173"}],"wp:attachment":[{"href":"https:\/\/entretormentas.com\/index.php?rest_route=%2Fwp%2Fv2%2Fmedia&parent=12172"}],"wp:term":[{"taxonomy":"category","embeddable":true,"href":"https:\/\/entretormentas.com\/index.php?rest_route=%2Fwp%2Fv2%2Fcategories&post=12172"},{"taxonomy":"post_tag","embeddable":true,"href":"https:\/\/entretormentas.com\/index.php?rest_route=%2Fwp%2Fv2%2Ftags&post=12172"}],"curies":[{"name":"wp","href":"https:\/\/api.w.org\/{rel}","templated":true}]}}