{"id":12176,"date":"2025-01-10T10:06:02","date_gmt":"2025-01-10T09:06:02","guid":{"rendered":"https:\/\/entretormentas.com\/?p=12176"},"modified":"2025-01-10T10:06:03","modified_gmt":"2025-01-10T09:06:03","slug":"comando-con-venezuela-informan-que-mcm-si-fue-retenida-y-liberada-tras-ser-forzada-a-grabar-videos","status":"publish","type":"post","link":"https:\/\/entretormentas.com\/comando-con-venezuela-informan-que-mcm-si-fue-retenida-y-liberada-tras-ser-forzada-a-grabar-videos\/","title":{"rendered":"\u00a1COMANDO CON VENEZUELA! Informan que MCM s\u00ed fue \u00abretenida\u00bb y liberada tras ser \u00abforzada\u00bb a grabar videos"},"content":{"rendered":"\n<p><strong>ENTRE TORMENTAS. <\/strong>Luego de que circul\u00f3 un video de Mar\u00eda Corina Machado aclarando que estaba bien, el Comando Con Venezuela ratific\u00f3 que la dirigente opositora s\u00ed fue \u00abretenida\u00bb, pero que la liberaron minutos despu\u00e9s.<\/p>\n\n\n\n<p>Con un mensaje a trav\u00e9s de redes, el comando expuso que la obligaron a grabar varios videos antes de liberarla.<\/p>\n\n\n\n<figure class=\"wp-block-image size-full\"><img fetchpriority=\"high\" decoding=\"async\" width=\"960\" height=\"902\" src=\"https:\/\/entretormentas.com\/wp-content\/uploads\/2025\/01\/image-142.png\" alt=\"\" class=\"wp-image-12178\" srcset=\"https:\/\/entretormentas.com\/wp-content\/uploads\/2025\/01\/image-142.png 960w, https:\/\/entretormentas.com\/wp-content\/uploads\/2025\/01\/image-142-300x282.png 300w, https:\/\/entretormentas.com\/wp-content\/uploads\/2025\/01\/image-142-768x722.png 768w\" sizes=\"(max-width: 960px) 100vw, 960px\" \/><\/figure>\n\n\n\n<p>\u00abHoy, #9Ene, saliendo de la concentraci\u00f3n en Chacao, Caracas, Mar\u00eda Corina Machado (@MariaCorinaYA) fue interceptada y tumbada de la moto en la que se trasladaba. En el suceso detonaron armas de fuego. Se la llevaron retenida por la fuerza. Durante el periodo de su secuestro fue forzada a grabar. En las pr\u00f3ximas horas ella se dirigir\u00e1 al pa\u00eds para explicar los hechos\u00bb, dice el Comando con Venezuela.<\/p>\n\n\n\n<p>Con este pronunciamiento, desmienten lo expuesto por voceros oficialistas, quienes dijeron que la detenci\u00f3n de Machado fue un \u00abenga\u00f1o\u00bb.<br><strong><em>ET \/ Agencias<\/em><\/strong><\/p>\n","protected":false},"excerpt":{"rendered":"<p>ENTRE TORMENTAS. Luego de que circul\u00f3 un video de Mar\u00eda Corina Machado aclarando que estaba&#8230;<\/p>\n","protected":false},"author":2,"featured_media":12177,"comment_status":"closed","ping_status":"open","sticky":false,"template":"","format":"standard","meta":{"footnotes":""},"categories":[56,49],"tags":[],"class_list":["post-12176","post","type-post","status-publish","format-standard","has-post-thumbnail","hentry","category-destacadas","category-nacionales"],"_links":{"self":[{"href":"https:\/\/entretormentas.com\/index.php?rest_route=\/wp\/v2\/posts\/12176","targetHints":{"allow":["GET"]}}],"collection":[{"href":"https:\/\/entretormentas.com\/index.php?rest_route=\/wp\/v2\/posts"}],"about":[{"href":"https:\/\/entretormentas.com\/index.php?rest_route=\/wp\/v2\/types\/post"}],"author":[{"embeddable":true,"href":"https:\/\/entretormentas.com\/index.php?rest_route=\/wp\/v2\/users\/2"}],"replies":[{"embeddable":true,"href":"https:\/\/entretormentas.com\/index.php?rest_route=%2Fwp%2Fv2%2Fcomments&post=12176"}],"version-history":[{"count":1,"href":"https:\/\/entretormentas.com\/index.php?rest_route=\/wp\/v2\/posts\/12176\/revisions"}],"predecessor-version":[{"id":12179,"href":"https:\/\/entretormentas.com\/index.php?rest_route=\/wp\/v2\/posts\/12176\/revisions\/12179"}],"wp:featuredmedia":[{"embeddable":true,"href":"https:\/\/entretormentas.com\/index.php?rest_route=\/wp\/v2\/media\/12177"}],"wp:attachment":[{"href":"https:\/\/entretormentas.com\/index.php?rest_route=%2Fwp%2Fv2%2Fmedia&parent=12176"}],"wp:term":[{"taxonomy":"category","embeddable":true,"href":"https:\/\/entretormentas.com\/index.php?rest_route=%2Fwp%2Fv2%2Fcategories&post=12176"},{"taxonomy":"post_tag","embeddable":true,"href":"https:\/\/entretormentas.com\/index.php?rest_route=%2Fwp%2Fv2%2Ftags&post=12176"}],"curies":[{"name":"wp","href":"https:\/\/api.w.org\/{rel}","templated":true}]}}