{"id":12180,"date":"2025-01-11T12:20:52","date_gmt":"2025-01-11T11:20:52","guid":{"rendered":"https:\/\/entretormentas.com\/?p=12180"},"modified":"2025-01-11T12:20:53","modified_gmt":"2025-01-11T11:20:53","slug":"apoyo-gremial-cnp-zulia-confirma-la-detencion-del-periodista-leandro-palmar-y-su-tecnico-salvador-cubillan","status":"publish","type":"post","link":"https:\/\/entretormentas.com\/apoyo-gremial-cnp-zulia-confirma-la-detencion-del-periodista-leandro-palmar-y-su-tecnico-salvador-cubillan\/","title":{"rendered":"\u00a1APOYO GREMIAL! CNP Zulia confirma la detenci\u00f3n del periodista Leandro Palmar y su t\u00e9cnico Salvador Cubill\u00e1n"},"content":{"rendered":"\n<p><strong>ENTRE TORMENTAS. <\/strong>Este 10 de enero el Colegio Nacional de Periodistas Seccional Zulia confirm\u00f3 la detenci\u00f3n del periodista de Luz Radio, Leandro Palmar y su t\u00e9cnico de apoyo Salvador Cubill\u00e1n.<\/p>\n\n\n\n<p>El arresto se llev\u00f3 a cabo en la Plaza la Rep\u00fablica, ubicada en Maracaibo, mientras cubr\u00eda la protesta y hasta los momentos se encuentran en las instalaciones de la Guardia Nacional del Puerto de Maracaibo.<\/p>\n\n\n\n<p>\u00abSe desconocen los motivos de la detenci\u00f3n. El equipo period\u00edstico se encontraba en la Plaza de La Rep\u00fablica ejerciendo sus labores portando solo sus instrumentos de trabajo. No hay justificaci\u00f3n alguna para su aprehensi\u00f3n y mucho menos para su imputaci\u00f3n\u00bb, precis\u00f3 un comunicado del CNP Zulia.<\/p>\n\n\n\n<p>Lo que se sabe hasta ahora es que se encuentran a la orden del Ministerio P\u00fablico, pero se desconocen los cargos que se les imputan. \u00abCondenamos esta medida violatoria de sus derechos, arbitraria e injustificada. Exigimos su inmediata liberaci\u00f3n\u00bb, expresa el CNP.<br><strong><em>ET \/ Foco Informativo<\/em><\/strong><\/p>\n\n\n\n<p><\/p>\n","protected":false},"excerpt":{"rendered":"<p>ENTRE TORMENTAS. Este 10 de enero el Colegio Nacional de Periodistas Seccional Zulia confirm\u00f3 la&#8230;<\/p>\n","protected":false},"author":2,"featured_media":12181,"comment_status":"closed","ping_status":"open","sticky":false,"template":"","format":"standard","meta":{"footnotes":""},"categories":[57,1],"tags":[],"class_list":["post-12180","post","type-post","status-publish","format-standard","has-post-thumbnail","hentry","category-actualidad","category-regionales"],"_links":{"self":[{"href":"https:\/\/entretormentas.com\/index.php?rest_route=\/wp\/v2\/posts\/12180","targetHints":{"allow":["GET"]}}],"collection":[{"href":"https:\/\/entretormentas.com\/index.php?rest_route=\/wp\/v2\/posts"}],"about":[{"href":"https:\/\/entretormentas.com\/index.php?rest_route=\/wp\/v2\/types\/post"}],"author":[{"embeddable":true,"href":"https:\/\/entretormentas.com\/index.php?rest_route=\/wp\/v2\/users\/2"}],"replies":[{"embeddable":true,"href":"https:\/\/entretormentas.com\/index.php?rest_route=%2Fwp%2Fv2%2Fcomments&post=12180"}],"version-history":[{"count":1,"href":"https:\/\/entretormentas.com\/index.php?rest_route=\/wp\/v2\/posts\/12180\/revisions"}],"predecessor-version":[{"id":12182,"href":"https:\/\/entretormentas.com\/index.php?rest_route=\/wp\/v2\/posts\/12180\/revisions\/12182"}],"wp:featuredmedia":[{"embeddable":true,"href":"https:\/\/entretormentas.com\/index.php?rest_route=\/wp\/v2\/media\/12181"}],"wp:attachment":[{"href":"https:\/\/entretormentas.com\/index.php?rest_route=%2Fwp%2Fv2%2Fmedia&parent=12180"}],"wp:term":[{"taxonomy":"category","embeddable":true,"href":"https:\/\/entretormentas.com\/index.php?rest_route=%2Fwp%2Fv2%2Fcategories&post=12180"},{"taxonomy":"post_tag","embeddable":true,"href":"https:\/\/entretormentas.com\/index.php?rest_route=%2Fwp%2Fv2%2Ftags&post=12180"}],"curies":[{"name":"wp","href":"https:\/\/api.w.org\/{rel}","templated":true}]}}