{"id":12183,"date":"2025-01-11T12:27:09","date_gmt":"2025-01-11T11:27:09","guid":{"rendered":"https:\/\/entretormentas.com\/?p=12183"},"modified":"2025-01-11T12:27:10","modified_gmt":"2025-01-11T11:27:10","slug":"mcm-la-integridad-de-edmundo-es-fundamental-para-la-transicion-a-la-democracia-que-esta-muy-cerca","status":"publish","type":"post","link":"https:\/\/entretormentas.com\/mcm-la-integridad-de-edmundo-es-fundamental-para-la-transicion-a-la-democracia-que-esta-muy-cerca\/","title":{"rendered":"MCM: \u00abla integridad de Edmundo es fundamental para la transici\u00f3n a la democracia que est\u00e1 muy cerca\u00bb"},"content":{"rendered":"\n<p><strong>ENTRE TORMENTAS.<\/strong> La tarde de este viernes, la dirigente pol\u00edtica, Mar\u00eda Corina Machado en un mensaje grabado y publicado en sus redes sociales, manifest\u00f3 que lo ocurrido este jueves dej\u00f3 un registro \u00abpara nuestra historia, para la libertad de Venezuela\u00bb.<\/p>\n\n\n\n<p>As\u00ed mismo, afirm\u00f3 que han acordado que \u201cno es conveniente que Edmundo venga hoy a Venezuela\u201d.<\/p>\n\n\n\n<p>Machado resalt\u00f3 que ha estado en comunicaci\u00f3n permanente con el excandidato presidencial Edmundo Gonz\u00e1lez Urrutia, durante su extraordinario recorrido por varios pa\u00edses y \u00abEdmundo vendr\u00e1 a juramentarse como Presidente Constitucional de Venezuela en el momento correcto, cuando las condiciones sean las adecuadas\u00bb.<\/p>\n\n\n\n<p>Resalt\u00f3 que se ha activado todo el Sistema de Defensa A\u00e9rea en el pa\u00eds, \u00abpor lo tanto hemos evaluado todo esto y decidimos que no es conveniente que ingrese, le he pedido que no lo haga, porque su integridad es fundamental para la transici\u00f3n a la democracia que est\u00e1 muy cerca\u00bb.<\/p>\n\n\n\n<p>Por otro lado, manifest\u00f3 que \u00abcada uno de los venezolanos que sali\u00f3 a la calle representa lo mejor de lo que somos y a los millones que conformamos la naci\u00f3n venezolana, afuera y adentro, yo lo vi junto a ustedes\u00bb.<\/p>\n\n\n\n<p>Indic\u00f3 que \u00abA pesar del despliegue de una fuerza represiva brutal, derrotamos el miedo. Ustedes son unos valientes, ayer se ratific\u00f3 mi profunda confianza que la libertad est\u00e1 cerca. Ellos ayer perdieron\u2026 La militarizaci\u00f3n de Caracas y otras ciudades demostr\u00f3 qui\u00e9n le tiene miedo a qui\u00e9n\u2026 Le tienen miedo al pueblo\u00bb.<\/p>\n\n\n\n<p>Agreg\u00f3 que \u00abhoy 10 de enero, Maduro consolida un Golpe de Estado frente a los venezolanos y al mundo, decidieron cruzar la raya roja que oficializa la violaci\u00f3n a la Constituci\u00f3n Nacional, pisotean la Constituci\u00f3n. Maduro viola la Constituci\u00f3n flanqueado por los dictadores de Cuba y Nicaragua\u2026 Maduro hoy no se puso la mano en el pecho, se la puso en el tobillo, como un grillete que cada d\u00eda le apretar\u00e1 m\u00e1s. Hoy el mundo ve el miedo encerrado en un sal\u00f3n, no tengan duda, esto se acab\u00f3\u00bb.<\/p>\n\n\n\n<figure class=\"wp-block-image size-full\"><img fetchpriority=\"high\" decoding=\"async\" width=\"960\" height=\"902\" src=\"https:\/\/entretormentas.com\/wp-content\/uploads\/2025\/01\/image-144.png\" alt=\"\" class=\"wp-image-12184\" srcset=\"https:\/\/entretormentas.com\/wp-content\/uploads\/2025\/01\/image-144.png 960w, https:\/\/entretormentas.com\/wp-content\/uploads\/2025\/01\/image-144-300x282.png 300w, https:\/\/entretormentas.com\/wp-content\/uploads\/2025\/01\/image-144-768x722.png 768w\" sizes=\"(max-width: 960px) 100vw, 960px\" \/><\/figure>\n\n\n\n<p><strong>LO QUE SUCEDI\u00d3 EN CHACAO<\/strong><br>La dirigente opositora cont\u00f3 que al salir de la enorme concentraci\u00f3n en Chacao, \u00abmuchos ciudadanos me rodearon hasta que me mont\u00e9 en una moto que me iba a sacar del lugar, otras dos motos me acompa\u00f1aban. A la altura del liceo Gustavo Herrera nos trataron de interceptar varias motos con efectivos armados de la Polic\u00eda Nacional Bolivariana (PNB) ten\u00edan armas largas afuera, pudimos avanzar y a la altura del Distribuidor Altamira, escuch\u00e9 varios disparos. Las motos de la PNB nos interceptar\u00f3n, all\u00ed un funcionario me pregunt\u00f3 mi nombre e inmediatamente por detr\u00e1s fui bruscamente arrancada de la moto y me montaron en otra junto a dos hombres\u00bb.<\/p>\n\n\n\n<p>Continu\u00f3 \u00aben el trayecto escuch\u00e9 que se trasladaban a Bole\u00edta, despu\u00e9s de llegar a esa zona se pararon y me dijeron que ten\u00edan la orden de que me fuera y me pidieron que grabara un video como fe de vida, me tom\u00f3 varias horas poder alejarme de la zona y resguardarme . Me enter\u00e9 que el conductor de la moto, que me acompa\u00f1aba lo hab\u00edan herido de bala en una pierna, cuando los efectivos de la polic\u00eda nos dispararon, tambi\u00e9n se lo llevaron preso\u00bb.<\/p>\n\n\n\n<p>Machado inform\u00f3 que \u00abestoy bien, aunque tengo dolores y contusiones en mi cuerpo\u00bb.<\/p>\n\n\n\n<p>Aumentar\u00e1 la presi\u00f3n<br>Por otra parte, afirm\u00f3 que agradece a los aliados democr\u00e1ticos de Venezuela por su apoyo. \u00abA partir de hoy arreciar\u00e1 a\u00fan m\u00e1s la presi\u00f3n\u00bb.<\/p>\n\n\n\n<p>Agreg\u00f3 que el d\u00eda de ayer se reportaron m\u00e1s de 20 venezolanos detenidos. \u00abAlgunos de ellos son l\u00edderes en los estados Aragua, Bol\u00edvar, Carabobo, Cojedes, Lara, Miranda, Yaracuy, Trujillo, Zulia, Caracas, incluyendo algunos periodistas. Ellos son nuestros h\u00e9roes y los vamos a liberar\u00bb.<br><strong><em>ET \/ Agencias<\/em><\/strong><\/p>\n\n\n\n<p><\/p>\n","protected":false},"excerpt":{"rendered":"<p>ENTRE TORMENTAS. La tarde de este viernes, la dirigente pol\u00edtica, Mar\u00eda Corina Machado en un&#8230;<\/p>\n","protected":false},"author":2,"featured_media":12185,"comment_status":"closed","ping_status":"open","sticky":false,"template":"","format":"standard","meta":{"footnotes":""},"categories":[57,49],"tags":[],"class_list":["post-12183","post","type-post","status-publish","format-standard","has-post-thumbnail","hentry","category-actualidad","category-nacionales"],"_links":{"self":[{"href":"https:\/\/entretormentas.com\/index.php?rest_route=\/wp\/v2\/posts\/12183","targetHints":{"allow":["GET"]}}],"collection":[{"href":"https:\/\/entretormentas.com\/index.php?rest_route=\/wp\/v2\/posts"}],"about":[{"href":"https:\/\/entretormentas.com\/index.php?rest_route=\/wp\/v2\/types\/post"}],"author":[{"embeddable":true,"href":"https:\/\/entretormentas.com\/index.php?rest_route=\/wp\/v2\/users\/2"}],"replies":[{"embeddable":true,"href":"https:\/\/entretormentas.com\/index.php?rest_route=%2Fwp%2Fv2%2Fcomments&post=12183"}],"version-history":[{"count":1,"href":"https:\/\/entretormentas.com\/index.php?rest_route=\/wp\/v2\/posts\/12183\/revisions"}],"predecessor-version":[{"id":12186,"href":"https:\/\/entretormentas.com\/index.php?rest_route=\/wp\/v2\/posts\/12183\/revisions\/12186"}],"wp:featuredmedia":[{"embeddable":true,"href":"https:\/\/entretormentas.com\/index.php?rest_route=\/wp\/v2\/media\/12185"}],"wp:attachment":[{"href":"https:\/\/entretormentas.com\/index.php?rest_route=%2Fwp%2Fv2%2Fmedia&parent=12183"}],"wp:term":[{"taxonomy":"category","embeddable":true,"href":"https:\/\/entretormentas.com\/index.php?rest_route=%2Fwp%2Fv2%2Fcategories&post=12183"},{"taxonomy":"post_tag","embeddable":true,"href":"https:\/\/entretormentas.com\/index.php?rest_route=%2Fwp%2Fv2%2Ftags&post=12183"}],"curies":[{"name":"wp","href":"https:\/\/api.w.org\/{rel}","templated":true}]}}