{"id":12199,"date":"2025-01-11T12:44:57","date_gmt":"2025-01-11T11:44:57","guid":{"rendered":"https:\/\/entretormentas.com\/?p=12199"},"modified":"2025-01-11T12:44:57","modified_gmt":"2025-01-11T11:44:57","slug":"reaccion-internacional-canada-sanciona-a-14-altos-funcionarios-venezolanos","status":"publish","type":"post","link":"https:\/\/entretormentas.com\/reaccion-internacional-canada-sanciona-a-14-altos-funcionarios-venezolanos\/","title":{"rendered":"\u00a1REACCI\u00d3N INTERNACIONAL! Canad\u00e1 sanciona a 14 altos funcionarios venezolanos"},"content":{"rendered":"\n<p><strong>ENTRE TORMENTAS. <\/strong>Canad\u00e1 impuso este viernes sanciones contra 14 altos funcionarios, entre ellos destacados integrantes de la Direcci\u00f3n General de Contrainteligencia Militar (DGCIM), por su implicaci\u00f3n en \u00abviolaciones\u00bb de derechos humanos en Venezuela.<\/p>\n\n\n\n<p>Entre los sancionados est\u00e1 los fiscales del DGCIM Dinorah Yoselin Bustamante Puerta y Farik Karin Salcedo Mora; el director de investigaciones penales del organismo, Asdrubal Jos\u00e9 Brito Hernandez, as\u00ed como su exvicedirector, Rafael Ram\u00f3n Blanco Marrero.<\/p>\n\n\n\n<p>Las sanciones tambi\u00e9n afectan a varios miembros de la Guardia Nacional Bolivariana: su comandante general, Elio Ram\u00f3n Estrada Paredes; el comandante de la regi\u00f3n capitalina, Johan Alexander Hern\u00e1ndez L\u00e1rez, y el teniente coronel, Alexander Enrique Granko Arteaga, informa EFE.<\/p>\n\n\n\n<p><strong>Otros sancionados por Canad\u00e1<\/strong><br>Adem\u00e1s, Canad\u00e1 tambi\u00e9n sancion\u00f3 son el director del Servicio Bolivariano de Inteligencia Nacional (SEBIN), Alexis Jos\u00e9 Rodr\u00edguez Cabello, y su vicedirector, Miguel Antonio Mu\u00f1oz Palacios; el brigadier general de la Polic\u00eda Nacional Bolivariana, Rub\u00e9n Dar\u00edo Santiago Servigna, y Domingo Antonio Hern\u00e1ndez L\u00e1rez, comandante de la Fuerza Armada Nacional Bolivariana.<\/p>\n\n\n\n<p>Las sanciones congelan los supuestos activos que los individuos puedan tener en Canad\u00e1 y proh\u00edben que personas y entidades radicadas en el pa\u00eds norteamericano, o canadienses en el extranjero, mantengan relaciones econ\u00f3micas con los sancionados.<br><strong><em>ET \/ Agencias<\/em><\/strong><\/p>\n","protected":false},"excerpt":{"rendered":"<p>ENTRE TORMENTAS. Canad\u00e1 impuso este viernes sanciones contra 14 altos funcionarios, entre ellos destacados integrantes&#8230;<\/p>\n","protected":false},"author":2,"featured_media":12200,"comment_status":"closed","ping_status":"open","sticky":false,"template":"","format":"standard","meta":{"footnotes":""},"categories":[48],"tags":[],"class_list":["post-12199","post","type-post","status-publish","format-standard","has-post-thumbnail","hentry","category-internacionales"],"_links":{"self":[{"href":"https:\/\/entretormentas.com\/index.php?rest_route=\/wp\/v2\/posts\/12199","targetHints":{"allow":["GET"]}}],"collection":[{"href":"https:\/\/entretormentas.com\/index.php?rest_route=\/wp\/v2\/posts"}],"about":[{"href":"https:\/\/entretormentas.com\/index.php?rest_route=\/wp\/v2\/types\/post"}],"author":[{"embeddable":true,"href":"https:\/\/entretormentas.com\/index.php?rest_route=\/wp\/v2\/users\/2"}],"replies":[{"embeddable":true,"href":"https:\/\/entretormentas.com\/index.php?rest_route=%2Fwp%2Fv2%2Fcomments&post=12199"}],"version-history":[{"count":1,"href":"https:\/\/entretormentas.com\/index.php?rest_route=\/wp\/v2\/posts\/12199\/revisions"}],"predecessor-version":[{"id":12201,"href":"https:\/\/entretormentas.com\/index.php?rest_route=\/wp\/v2\/posts\/12199\/revisions\/12201"}],"wp:featuredmedia":[{"embeddable":true,"href":"https:\/\/entretormentas.com\/index.php?rest_route=\/wp\/v2\/media\/12200"}],"wp:attachment":[{"href":"https:\/\/entretormentas.com\/index.php?rest_route=%2Fwp%2Fv2%2Fmedia&parent=12199"}],"wp:term":[{"taxonomy":"category","embeddable":true,"href":"https:\/\/entretormentas.com\/index.php?rest_route=%2Fwp%2Fv2%2Fcategories&post=12199"},{"taxonomy":"post_tag","embeddable":true,"href":"https:\/\/entretormentas.com\/index.php?rest_route=%2Fwp%2Fv2%2Ftags&post=12199"}],"curies":[{"name":"wp","href":"https:\/\/api.w.org\/{rel}","templated":true}]}}