{"id":12202,"date":"2025-01-11T12:48:40","date_gmt":"2025-01-11T11:48:40","guid":{"rendered":"https:\/\/entretormentas.com\/?p=12202"},"modified":"2025-01-11T12:48:41","modified_gmt":"2025-01-11T11:48:41","slug":"decision-presidente-de-dominicana-destituye-a-un-ministro-por-apoyar-a-maduro","status":"publish","type":"post","link":"https:\/\/entretormentas.com\/decision-presidente-de-dominicana-destituye-a-un-ministro-por-apoyar-a-maduro\/","title":{"rendered":"\u00a1DECISI\u00d3N! Presidente de Dominicana destituye a un ministro por apoyar a Maduro"},"content":{"rendered":"\n<p><strong>ENTRE TORMENTAS. <\/strong>El presidente de Rep\u00fablica Dominicana, Luis Abinader, ha destituido este viernes al ministro de Pol\u00edticas de Integraci\u00f3n Regional, Miguel Mej\u00eda, por manifestar su apoyo al presidente venezolano, Nicol\u00e1s Maduro, despu\u00e9s de que el jefe de Estado dominicano respaldara al opositor Edmundo Gonz\u00e1lez.<\/p>\n\n\n\n<p>Abinader, que ha emitido un decreto en el cual queda reflejado el cese de Mej\u00eda, ha rechazado las palabras del ministro, que hab\u00eda calificado de \u00abdesastre\u00bb la pol\u00edtica exterior del presidente, especialmente en lo referente a Venezuela.<\/p>\n\n\n\n<p>As\u00ed, Mej\u00eda hab\u00eda asegurado que Abinader est\u00e1 abocado a pasar al \u00abzafac\u00f3n de la historia\u00bb debido a su gesti\u00f3n y sus posiciones pol\u00edticas, lo que el presidente ha considerado una \u00abfalta de respeto\u00bb, seg\u00fan han recogido medios de comunicaci\u00f3n dominicanos.<\/p>\n\n\n\n<p>La decisi\u00f3n de destituir a Mej\u00eda llega poco antes de que Maduro tomara posesi\u00f3n del cargo este mismo viernes en la sede de la Asamblea Nacional tras las elecciones del pasado 28 de julio, en las que la oposici\u00f3n denunci\u00f3 \u00abfraude\u00bb en el recuento de votos y se atribuye la victoria.<\/p>\n\n\n\n<p>En un acto conducido por el presidente de la Asamblea Nacional, Jorge Rodr\u00edguez, Maduro ha jurado \u00abpor la historia\u00bb y por su \u00abvida\u00bb acatar la Constituci\u00f3n y ejercer como presidente venezolano para los pr\u00f3ximo seis a\u00f1os.<br><strong><em>ET \/ Europa Press<\/em><\/strong><\/p>\n","protected":false},"excerpt":{"rendered":"<p>ENTRE TORMENTAS. El presidente de Rep\u00fablica Dominicana, Luis Abinader, ha destituido este viernes al ministro&#8230;<\/p>\n","protected":false},"author":2,"featured_media":12203,"comment_status":"closed","ping_status":"open","sticky":false,"template":"","format":"standard","meta":{"footnotes":""},"categories":[48],"tags":[],"class_list":["post-12202","post","type-post","status-publish","format-standard","has-post-thumbnail","hentry","category-internacionales"],"_links":{"self":[{"href":"https:\/\/entretormentas.com\/index.php?rest_route=\/wp\/v2\/posts\/12202","targetHints":{"allow":["GET"]}}],"collection":[{"href":"https:\/\/entretormentas.com\/index.php?rest_route=\/wp\/v2\/posts"}],"about":[{"href":"https:\/\/entretormentas.com\/index.php?rest_route=\/wp\/v2\/types\/post"}],"author":[{"embeddable":true,"href":"https:\/\/entretormentas.com\/index.php?rest_route=\/wp\/v2\/users\/2"}],"replies":[{"embeddable":true,"href":"https:\/\/entretormentas.com\/index.php?rest_route=%2Fwp%2Fv2%2Fcomments&post=12202"}],"version-history":[{"count":1,"href":"https:\/\/entretormentas.com\/index.php?rest_route=\/wp\/v2\/posts\/12202\/revisions"}],"predecessor-version":[{"id":12204,"href":"https:\/\/entretormentas.com\/index.php?rest_route=\/wp\/v2\/posts\/12202\/revisions\/12204"}],"wp:featuredmedia":[{"embeddable":true,"href":"https:\/\/entretormentas.com\/index.php?rest_route=\/wp\/v2\/media\/12203"}],"wp:attachment":[{"href":"https:\/\/entretormentas.com\/index.php?rest_route=%2Fwp%2Fv2%2Fmedia&parent=12202"}],"wp:term":[{"taxonomy":"category","embeddable":true,"href":"https:\/\/entretormentas.com\/index.php?rest_route=%2Fwp%2Fv2%2Fcategories&post=12202"},{"taxonomy":"post_tag","embeddable":true,"href":"https:\/\/entretormentas.com\/index.php?rest_route=%2Fwp%2Fv2%2Ftags&post=12202"}],"curies":[{"name":"wp","href":"https:\/\/api.w.org\/{rel}","templated":true}]}}