{"id":12217,"date":"2025-01-11T13:02:23","date_gmt":"2025-01-11T12:02:23","guid":{"rendered":"https:\/\/entretormentas.com\/?p=12217"},"modified":"2025-01-11T13:02:23","modified_gmt":"2025-01-11T12:02:23","slug":"este-jueves-foro-penal-confirma-al-menos-16-detenidos-en-concentraciones-opositoras","status":"publish","type":"post","link":"https:\/\/entretormentas.com\/este-jueves-foro-penal-confirma-al-menos-16-detenidos-en-concentraciones-opositoras\/","title":{"rendered":"\u00a1ESTE JUEVES! Foro Penal confirma al menos 16 detenidos en concentraciones opositoras"},"content":{"rendered":"\n<p><strong>ENTRE TORMENTAS. <\/strong>El director vicepresidente del Foro Penal, Gonzalo Himiob, inform\u00f3 que al menos 16 personas fueron detenidas en el marco de las concentraciones de protesta convocadas por la oposici\u00f3n venezolana este jueves.<\/p>\n\n\n\n<p>\u00abPodemos confirmar al menos 16 arrestos en las manifestaciones del d\u00eda jueves. Zulia 5, Dtto. Capital 1, Carabobo 1 (estamos confirmando m\u00e1s casos); Lara 1, Trujillo 1, Portuguesa 1 (+3 liberados sin presentaci\u00f3n), Yaracuy 3\u00bb, escribi\u00f3 en Twitter.<br><strong><em>ET \/ Agencias<\/em><\/strong><\/p>\n","protected":false},"excerpt":{"rendered":"<p>ENTRE TORMENTAS. El director vicepresidente del Foro Penal, Gonzalo Himiob, inform\u00f3 que al menos 16&#8230;<\/p>\n","protected":false},"author":2,"featured_media":12218,"comment_status":"closed","ping_status":"open","sticky":false,"template":"","format":"standard","meta":{"footnotes":""},"categories":[56,49],"tags":[],"class_list":["post-12217","post","type-post","status-publish","format-standard","has-post-thumbnail","hentry","category-destacadas","category-nacionales"],"_links":{"self":[{"href":"https:\/\/entretormentas.com\/index.php?rest_route=\/wp\/v2\/posts\/12217","targetHints":{"allow":["GET"]}}],"collection":[{"href":"https:\/\/entretormentas.com\/index.php?rest_route=\/wp\/v2\/posts"}],"about":[{"href":"https:\/\/entretormentas.com\/index.php?rest_route=\/wp\/v2\/types\/post"}],"author":[{"embeddable":true,"href":"https:\/\/entretormentas.com\/index.php?rest_route=\/wp\/v2\/users\/2"}],"replies":[{"embeddable":true,"href":"https:\/\/entretormentas.com\/index.php?rest_route=%2Fwp%2Fv2%2Fcomments&post=12217"}],"version-history":[{"count":1,"href":"https:\/\/entretormentas.com\/index.php?rest_route=\/wp\/v2\/posts\/12217\/revisions"}],"predecessor-version":[{"id":12219,"href":"https:\/\/entretormentas.com\/index.php?rest_route=\/wp\/v2\/posts\/12217\/revisions\/12219"}],"wp:featuredmedia":[{"embeddable":true,"href":"https:\/\/entretormentas.com\/index.php?rest_route=\/wp\/v2\/media\/12218"}],"wp:attachment":[{"href":"https:\/\/entretormentas.com\/index.php?rest_route=%2Fwp%2Fv2%2Fmedia&parent=12217"}],"wp:term":[{"taxonomy":"category","embeddable":true,"href":"https:\/\/entretormentas.com\/index.php?rest_route=%2Fwp%2Fv2%2Fcategories&post=12217"},{"taxonomy":"post_tag","embeddable":true,"href":"https:\/\/entretormentas.com\/index.php?rest_route=%2Fwp%2Fv2%2Ftags&post=12217"}],"curies":[{"name":"wp","href":"https:\/\/api.w.org\/{rel}","templated":true}]}}