{"id":12220,"date":"2025-01-11T13:06:55","date_gmt":"2025-01-11T12:06:55","guid":{"rendered":"https:\/\/entretormentas.com\/?p=12220"},"modified":"2025-01-11T13:06:55","modified_gmt":"2025-01-11T12:06:55","slug":"para-el-periodo-2025-2031maduro-toma-juramento-para-su-tercer-mandato-ante-la-asamblea-nacional","status":"publish","type":"post","link":"https:\/\/entretormentas.com\/para-el-periodo-2025-2031maduro-toma-juramento-para-su-tercer-mandato-ante-la-asamblea-nacional\/","title":{"rendered":"\u00a1PARA EL PER\u00cdODO 2025-2031!Maduro toma juramento para su tercer mandato ante la Asamblea Nacional"},"content":{"rendered":"\n<p><strong>ENTRE TORMENTAS. <\/strong>La ma\u00f1ana de este viernes 10 de enero, desde el Palacio Federal, el presidente Nicol\u00e1s Maduro es juramentado como presidente de Venezuela, para el periodo presidencial 2025-2031.<\/p>\n\n\n\n<p>A cargo del presidente de la Asamblea Nacional, Jorge Rodr\u00edguez fue llevada a cabo la juramentaci\u00f3n del Presidente de Venezuela y la imposici\u00f3n de la Banda Presidencial, a Nicol\u00e1s Maduro.<\/p>\n\n\n\n<p>Durante la ceremonia, el Presidente Maduro se\u00f1al\u00f3 que este nuevo periodo presidencial ser\u00e1 el periodo de \u00abla paz, la prosperidad, la igualdad y la nueva democracia\u00bb.<\/p>\n\n\n\n<p>\u00abAnte esta Magna Asamblea Nacional, Poder Legislativo de la Rep\u00fablica, ante visitantes y delegados de 125 pa\u00edses, ante el pueblo de Venezuela, juro por Guaicaipuro y los pueblos ind\u00edgenas, juro por Pedro Camejo, el Negro Primero y Jos\u00e9 Leonardo Chirinos, juro por Bol\u00edvar, por Sucre, por Urdaneta, por Manuela Saenz, juro por la memoria eterna de nuestro amado jefe y Comandante Hugo Ch\u00e1vez y juro por el hist\u00f3rico noble y aguerrido pueblo de Venezuela ante esta Constituci\u00f3n que har\u00e9 cumplir todos sus mandatos, que har\u00e9 cumplir todas las obligaciones de la Constituci\u00f3n y las Leyes de la Rep\u00fablica, que este nuevo periodo presidencial ser\u00e1 el periodo de la paz, la prosperidad, la igualdad y la nueva democracia, lo juro por la historia, lo juro por mi vida y as\u00ed cumplir\u00e9, lo juro\u00bb, fueron las palabras del Presidente Nicol\u00e1s Maduro durante su juramentaci\u00f3n.<br><strong><em>ET \/ Agencias<\/em><\/strong><\/p>\n\n\n\n<p><\/p>\n","protected":false},"excerpt":{"rendered":"<p>ENTRE TORMENTAS. La ma\u00f1ana de este viernes 10 de enero, desde el Palacio Federal, el&#8230;<\/p>\n","protected":false},"author":2,"featured_media":12221,"comment_status":"closed","ping_status":"open","sticky":false,"template":"","format":"standard","meta":{"footnotes":""},"categories":[56,49],"tags":[],"class_list":["post-12220","post","type-post","status-publish","format-standard","has-post-thumbnail","hentry","category-destacadas","category-nacionales"],"_links":{"self":[{"href":"https:\/\/entretormentas.com\/index.php?rest_route=\/wp\/v2\/posts\/12220","targetHints":{"allow":["GET"]}}],"collection":[{"href":"https:\/\/entretormentas.com\/index.php?rest_route=\/wp\/v2\/posts"}],"about":[{"href":"https:\/\/entretormentas.com\/index.php?rest_route=\/wp\/v2\/types\/post"}],"author":[{"embeddable":true,"href":"https:\/\/entretormentas.com\/index.php?rest_route=\/wp\/v2\/users\/2"}],"replies":[{"embeddable":true,"href":"https:\/\/entretormentas.com\/index.php?rest_route=%2Fwp%2Fv2%2Fcomments&post=12220"}],"version-history":[{"count":1,"href":"https:\/\/entretormentas.com\/index.php?rest_route=\/wp\/v2\/posts\/12220\/revisions"}],"predecessor-version":[{"id":12222,"href":"https:\/\/entretormentas.com\/index.php?rest_route=\/wp\/v2\/posts\/12220\/revisions\/12222"}],"wp:featuredmedia":[{"embeddable":true,"href":"https:\/\/entretormentas.com\/index.php?rest_route=\/wp\/v2\/media\/12221"}],"wp:attachment":[{"href":"https:\/\/entretormentas.com\/index.php?rest_route=%2Fwp%2Fv2%2Fmedia&parent=12220"}],"wp:term":[{"taxonomy":"category","embeddable":true,"href":"https:\/\/entretormentas.com\/index.php?rest_route=%2Fwp%2Fv2%2Fcategories&post=12220"},{"taxonomy":"post_tag","embeddable":true,"href":"https:\/\/entretormentas.com\/index.php?rest_route=%2Fwp%2Fv2%2Ftags&post=12220"}],"curies":[{"name":"wp","href":"https:\/\/api.w.org\/{rel}","templated":true}]}}