{"id":12226,"date":"2025-01-13T09:17:44","date_gmt":"2025-01-13T08:17:44","guid":{"rendered":"https:\/\/entretormentas.com\/?p=12226"},"modified":"2025-01-13T09:17:45","modified_gmt":"2025-01-13T08:17:45","slug":"en-el-2024-con-una-variedad-de-actividades-la-alcaldia-de-san-francisco-fomento-el-turismo","status":"publish","type":"post","link":"https:\/\/entretormentas.com\/en-el-2024-con-una-variedad-de-actividades-la-alcaldia-de-san-francisco-fomento-el-turismo\/","title":{"rendered":"\u00a1EN EL 2024! Con una variedad de actividades la alcald\u00eda de San Francisco foment\u00f3 el turismo"},"content":{"rendered":"\n<p><strong>ENTRE TORMENTAS. <\/strong>La alcald\u00eda del municipio San Francisco, liderada por el alcalde Gustavo Fern\u00e1ndez, durante el 2024 foment\u00f3 el turismo a trav\u00e9s de una serie de actividades con el objetivo de resaltar las maravillas del municipio en busca de promover el esparcimiento y la cultura, atrayendo tanto a residentes como visitantes.<\/p>\n\n\n\n<p>\u201cSan Francisco est\u00e1 experimentando un notable cambio no solo en desarrollo econ\u00f3mico, sino tambi\u00e9n en la oferta de atractivos tur\u00edsticos que enriquecen la experiencia, tanto para los habitantes como para los visitantes. La diversidad de actividades propuestas reflejan un compromiso con el desarrollo sostenible del turismo en la regi\u00f3n y en este 2025 se sumar\u00e1n m\u00e1s experiencias\u201d, resalt\u00f3 Glayvic Boh\u00f3rquez, directora de Turismo del municipio.<\/p>\n\n\n\n<p>Rememorando estos recorridos se pueden destacar las diversas actividades dirigidas a los ni\u00f1os de todas las parroquias entre ellas destaca la visita al Mall Paseo San Francisco, donde disfrutaron de un d\u00eda de distracci\u00f3n y pel\u00edculas infantiles.<\/p>\n\n\n\n<p>El Jard\u00edn Bot\u00e1nico tambi\u00e9n se posicion\u00f3 como una atracci\u00f3n clave, donde gu\u00edas especializados educaron a ni\u00f1os, j\u00f3venes y adultos sobre el origen y nombre de diversas especies de \u00e1rboles y plantas. Los visitantes quedaron maravillados con el esplendor de las flores amarillas que florecen en abril, durante la \u00e9poca del curarire.<\/p>\n\n\n\n<figure class=\"wp-block-image size-large\"><img fetchpriority=\"high\" decoding=\"async\" width=\"1024\" height=\"770\" src=\"https:\/\/entretormentas.com\/wp-content\/uploads\/2025\/01\/image-163-1024x770.png\" alt=\"\" class=\"wp-image-12228\" srcset=\"https:\/\/entretormentas.com\/wp-content\/uploads\/2025\/01\/image-163-1024x770.png 1024w, https:\/\/entretormentas.com\/wp-content\/uploads\/2025\/01\/image-163-300x226.png 300w, https:\/\/entretormentas.com\/wp-content\/uploads\/2025\/01\/image-163-768x578.png 768w, https:\/\/entretormentas.com\/wp-content\/uploads\/2025\/01\/image-163.png 1280w\" sizes=\"(max-width: 1024px) 100vw, 1024px\" \/><\/figure>\n\n\n\n<p>Otra de las actividades desarrolladas durante el a\u00f1o 2024 fue la pr\u00e1ctica de kayak, que permiti\u00f3 a los participantes explorar los alrededores del Puente sobre El Lago Rafael Urdaneta, disfrutando de una aventura \u00fanica en el agua.<\/p>\n\n\n\n<p>El Festival de las Petacas, fue otra de las acciones realizadas por la direcci\u00f3n de Turismo, donde ni\u00f1os de todas las parroquias pusieron a volar su ingenio e imaginaci\u00f3n con la creaci\u00f3n de los llamados volantines, rescatando los juegos tradicionales de la ni\u00f1ez, distanci\u00e1ndose moment\u00e1neamente de las nuevas tecnolog\u00edas.<\/p>\n\n\n\n<p>Tambi\u00e9n se conmemoraron fechas importantes con distintas actividades recreativas, como vale destacar la realizada en el D\u00eda de las Madres, a trav\u00e9s de una clase especial de yoga a orillas del Lago de Maracaibo, espec\u00edficamente en la Plaza Bol\u00edvar de San Francisco, dedicando un tiempo a la meditaci\u00f3n y relajaci\u00f3n.<\/p>\n\n\n\n<p>El Pesebre de San Francisco creado por iniciativa del l\u00edder municipal, Gustavo Fern\u00e1ndez, ha sido punto focal del turismo en el municipio, promoviendo valores religiosos y enalteciendo costumbres y tradiciones, en uni\u00f3n familiar.<\/p>\n\n\n\n<p>As\u00ed como estas actividades mencionadas, se realizaron otras religiosas, culturales, recreativas, llevando en alto el nombre del municipio y con miras de darle m\u00e1xima proyecci\u00f3n este 2025.<br><strong><em>ET \/ Alcald\u00eda de San Francisco<\/em><\/strong><\/p>\n\n\n\n<p><\/p>\n","protected":false},"excerpt":{"rendered":"<p>ENTRE TORMENTAS. La alcald\u00eda del municipio San Francisco, liderada por el alcalde Gustavo Fern\u00e1ndez, durante&#8230;<\/p>\n","protected":false},"author":2,"featured_media":12227,"comment_status":"closed","ping_status":"open","sticky":false,"template":"","format":"standard","meta":{"footnotes":""},"categories":[57,1],"tags":[],"class_list":["post-12226","post","type-post","status-publish","format-standard","has-post-thumbnail","hentry","category-actualidad","category-regionales"],"_links":{"self":[{"href":"https:\/\/entretormentas.com\/index.php?rest_route=\/wp\/v2\/posts\/12226","targetHints":{"allow":["GET"]}}],"collection":[{"href":"https:\/\/entretormentas.com\/index.php?rest_route=\/wp\/v2\/posts"}],"about":[{"href":"https:\/\/entretormentas.com\/index.php?rest_route=\/wp\/v2\/types\/post"}],"author":[{"embeddable":true,"href":"https:\/\/entretormentas.com\/index.php?rest_route=\/wp\/v2\/users\/2"}],"replies":[{"embeddable":true,"href":"https:\/\/entretormentas.com\/index.php?rest_route=%2Fwp%2Fv2%2Fcomments&post=12226"}],"version-history":[{"count":1,"href":"https:\/\/entretormentas.com\/index.php?rest_route=\/wp\/v2\/posts\/12226\/revisions"}],"predecessor-version":[{"id":12229,"href":"https:\/\/entretormentas.com\/index.php?rest_route=\/wp\/v2\/posts\/12226\/revisions\/12229"}],"wp:featuredmedia":[{"embeddable":true,"href":"https:\/\/entretormentas.com\/index.php?rest_route=\/wp\/v2\/media\/12227"}],"wp:attachment":[{"href":"https:\/\/entretormentas.com\/index.php?rest_route=%2Fwp%2Fv2%2Fmedia&parent=12226"}],"wp:term":[{"taxonomy":"category","embeddable":true,"href":"https:\/\/entretormentas.com\/index.php?rest_route=%2Fwp%2Fv2%2Fcategories&post=12226"},{"taxonomy":"post_tag","embeddable":true,"href":"https:\/\/entretormentas.com\/index.php?rest_route=%2Fwp%2Fv2%2Ftags&post=12226"}],"curies":[{"name":"wp","href":"https:\/\/api.w.org\/{rel}","templated":true}]}}