{"id":12234,"date":"2025-01-13T09:22:13","date_gmt":"2025-01-13T08:22:13","guid":{"rendered":"https:\/\/entretormentas.com\/?p=12234"},"modified":"2025-01-13T09:22:13","modified_gmt":"2025-01-13T08:22:13","slug":"gremio-unido-cnp-zulia-rechaza-la-privacion-de-libertad-dictada-en-contra-del-periodista-leandro-palmar","status":"publish","type":"post","link":"https:\/\/entretormentas.com\/gremio-unido-cnp-zulia-rechaza-la-privacion-de-libertad-dictada-en-contra-del-periodista-leandro-palmar\/","title":{"rendered":"\u00a1GREMIO UNIDO! CNP Zulia rechaza la privaci\u00f3n de libertad dictada en contra del periodista Leandro Palmar"},"content":{"rendered":"\n<p><strong>ENTRE TORMENTAS. <\/strong>\u200eEste s\u00e1bado 11 de enero en los tribunales penales de Maracaibo, estado Zulia, se llev\u00f3 a cabo la audiencia de presentaci\u00f3n de un grupo de 10 ciudadanos, entre los cuales se encontraban, el periodista Leandro Palmar y el t\u00e9cnico audiovisual Belises Salvador Cubill\u00e1n.<\/p>\n\n\n\n<p>Culminada la audiencia, el juez determin\u00f3 que los mismos deber\u00edan permanecer privados de su libertad a la espera de que el Ministerio P\u00fablico concrete las imputaciones en su contra. Los delitos que se les pretenden imputar son terrorismo, asociaci\u00f3n para delinquir, instigaci\u00f3n al odio y alteraci\u00f3n al orden p\u00fablico.<\/p>\n\n\n\n<p>Vale destacar que la detenci\u00f3n de Palmar y Cubill\u00e1n se produjo mientras daban cobertura a la manifestaci\u00f3n que se origin\u00f3 en la Plaza Rep\u00fablica de la ciudad de Maracaibo, el pasado 9 de enero, portando solo sus instrumentos de trabajo.<\/p>\n\n\n\n<p>El CNP manifest\u00f3 que \u201cel Colegio Nacional de Periodistas, seccional Zulia, siempre garante de los derechos de sus agremiados, rechaza de manera contundente que se pretenda criminalizar la labor de estos comunicadores que no es otra que mantener informada a la ciudadan\u00eda, labor que est\u00e1 contemplada en la Ley del Ejercicio del Periodista Venezolano y en la Constituci\u00f3n misma, por lo que la instituci\u00f3n gremial considera que la privaci\u00f3n de su libertad y la injusta criminalizaci\u00f3n, representa una flagrante violaci\u00f3n a sus derechos y a la libertad de prensa\u201d.<\/p>\n\n\n\n<p>Agreg\u00f3: \u201cUna vez m\u00e1s elevamos la voz del gremio de periodistas zulianos para exigir a los organismos jurisdiccionales la liberaci\u00f3n inmediata de Leandro Palmar, periodista de la emisora de la Universidad del Zulia, LUZ \u2013 FM y de Belises Salvador Cubill\u00e1n, miembro del equipo reporteril\u201d.<\/p>\n\n\n\n<p>Finalmente expreso que \u201creiteramos el llamado a las autoridades venezolanas a respetar la labor y la integridad de los periodistas\u201d.<br><strong><em>ET \/ Nota de prensa<\/em><\/strong><\/p>\n\n\n\n<p><\/p>\n","protected":false},"excerpt":{"rendered":"<p>ENTRE TORMENTAS. \u200eEste s\u00e1bado 11 de enero en los tribunales penales de Maracaibo, estado Zulia,&#8230;<\/p>\n","protected":false},"author":2,"featured_media":12181,"comment_status":"closed","ping_status":"open","sticky":false,"template":"","format":"standard","meta":{"footnotes":""},"categories":[57,1],"tags":[],"class_list":["post-12234","post","type-post","status-publish","format-standard","has-post-thumbnail","hentry","category-actualidad","category-regionales"],"_links":{"self":[{"href":"https:\/\/entretormentas.com\/index.php?rest_route=\/wp\/v2\/posts\/12234","targetHints":{"allow":["GET"]}}],"collection":[{"href":"https:\/\/entretormentas.com\/index.php?rest_route=\/wp\/v2\/posts"}],"about":[{"href":"https:\/\/entretormentas.com\/index.php?rest_route=\/wp\/v2\/types\/post"}],"author":[{"embeddable":true,"href":"https:\/\/entretormentas.com\/index.php?rest_route=\/wp\/v2\/users\/2"}],"replies":[{"embeddable":true,"href":"https:\/\/entretormentas.com\/index.php?rest_route=%2Fwp%2Fv2%2Fcomments&post=12234"}],"version-history":[{"count":1,"href":"https:\/\/entretormentas.com\/index.php?rest_route=\/wp\/v2\/posts\/12234\/revisions"}],"predecessor-version":[{"id":12235,"href":"https:\/\/entretormentas.com\/index.php?rest_route=\/wp\/v2\/posts\/12234\/revisions\/12235"}],"wp:featuredmedia":[{"embeddable":true,"href":"https:\/\/entretormentas.com\/index.php?rest_route=\/wp\/v2\/media\/12181"}],"wp:attachment":[{"href":"https:\/\/entretormentas.com\/index.php?rest_route=%2Fwp%2Fv2%2Fmedia&parent=12234"}],"wp:term":[{"taxonomy":"category","embeddable":true,"href":"https:\/\/entretormentas.com\/index.php?rest_route=%2Fwp%2Fv2%2Fcategories&post=12234"},{"taxonomy":"post_tag","embeddable":true,"href":"https:\/\/entretormentas.com\/index.php?rest_route=%2Fwp%2Fv2%2Ftags&post=12234"}],"curies":[{"name":"wp","href":"https:\/\/api.w.org\/{rel}","templated":true}]}}