{"id":12245,"date":"2025-01-13T09:30:00","date_gmt":"2025-01-13T08:30:00","guid":{"rendered":"https:\/\/entretormentas.com\/?p=12245"},"modified":"2025-01-13T09:38:04","modified_gmt":"2025-01-13T08:38:04","slug":"en-aumento-foro-penal-registra-83-arrestos-politicos-en-lo-que-va-de-2025","status":"publish","type":"post","link":"https:\/\/entretormentas.com\/en-aumento-foro-penal-registra-83-arrestos-politicos-en-lo-que-va-de-2025\/","title":{"rendered":"\u00a1EN AUMENTO! Foro Penal registra 83 arrestos pol\u00edticos en lo que va de 2025"},"content":{"rendered":"\n<p><strong>ENTRE TORMENTAS.<\/strong> La ONG Foro Penal asegur\u00f3 este domingo que desde el 1 de enero de 2025 ha registrado 83 arrestos pol\u00edticos en el pa\u00eds, entre ellos los de un extranjero, un adolescente y trece mujeres.<\/p>\n\n\n\n<p>Seg\u00fan el balance de \u00abdetenidos pol\u00edticos\u00bb en lo que va de a\u00f1o, la gran mayor\u00eda de los arrestos sucedieron el pasado jueves cuando la oposici\u00f3n protest\u00f3 en Caracas y varias ciudades del pa\u00eds y del mundo en defensa del reclamado triunfo de Edmundo Gonz\u00e1lez Urrutia en las elecciones del 28 de julio.<\/p>\n\n\n\n<p>El 9 de enero pasado, cuando hubo 46 encarcelaciones \u00abpol\u00edticas\u00bb, seg\u00fan la ONG, el chavismo tambi\u00e9n se moviliz\u00f3, pero en respaldo a su l\u00edder, Nicol\u00e1s Maduro, que el viernes jur\u00f3 como mandatario para un tercer sexenio consecutivo, lo que la PUD, Gonz\u00e1lez Urrutia y la l\u00edder opositora Mar\u00eda Corina Machado denunciaron como la consumaci\u00f3n de un \u00abgolpe de Estado\u00bb.<\/p>\n\n\n\n<p>Foro Penal se\u00f1al\u00f3 que el segundo d\u00eda con m\u00e1s detenciones fue el 7 de enero, con 17, entre ellas la del activista Carlos Correa, cuyo paradero se desconoce desde entonces, el excandidato presidencial opositor Enrique M\u00e1rquez y la de Rafael Tudares, yerno de Gonz\u00e1lez Urrutia, quien calific\u00f3 el hecho como un \u00absecuestro\u00bb.<br><strong><em>ET \/ Agencias<\/em><\/strong><\/p>\n","protected":false},"excerpt":{"rendered":"<p>ENTRE TORMENTAS. La ONG Foro Penal asegur\u00f3 este domingo que desde el 1 de enero&#8230;<\/p>\n","protected":false},"author":2,"featured_media":12246,"comment_status":"closed","ping_status":"open","sticky":false,"template":"","format":"standard","meta":{"footnotes":""},"categories":[49],"tags":[],"class_list":["post-12245","post","type-post","status-publish","format-standard","has-post-thumbnail","hentry","category-nacionales"],"_links":{"self":[{"href":"https:\/\/entretormentas.com\/index.php?rest_route=\/wp\/v2\/posts\/12245","targetHints":{"allow":["GET"]}}],"collection":[{"href":"https:\/\/entretormentas.com\/index.php?rest_route=\/wp\/v2\/posts"}],"about":[{"href":"https:\/\/entretormentas.com\/index.php?rest_route=\/wp\/v2\/types\/post"}],"author":[{"embeddable":true,"href":"https:\/\/entretormentas.com\/index.php?rest_route=\/wp\/v2\/users\/2"}],"replies":[{"embeddable":true,"href":"https:\/\/entretormentas.com\/index.php?rest_route=%2Fwp%2Fv2%2Fcomments&post=12245"}],"version-history":[{"count":1,"href":"https:\/\/entretormentas.com\/index.php?rest_route=\/wp\/v2\/posts\/12245\/revisions"}],"predecessor-version":[{"id":12247,"href":"https:\/\/entretormentas.com\/index.php?rest_route=\/wp\/v2\/posts\/12245\/revisions\/12247"}],"wp:featuredmedia":[{"embeddable":true,"href":"https:\/\/entretormentas.com\/index.php?rest_route=\/wp\/v2\/media\/12246"}],"wp:attachment":[{"href":"https:\/\/entretormentas.com\/index.php?rest_route=%2Fwp%2Fv2%2Fmedia&parent=12245"}],"wp:term":[{"taxonomy":"category","embeddable":true,"href":"https:\/\/entretormentas.com\/index.php?rest_route=%2Fwp%2Fv2%2Fcategories&post=12245"},{"taxonomy":"post_tag","embeddable":true,"href":"https:\/\/entretormentas.com\/index.php?rest_route=%2Fwp%2Fv2%2Ftags&post=12245"}],"curies":[{"name":"wp","href":"https:\/\/api.w.org\/{rel}","templated":true}]}}