{"id":12251,"date":"2025-01-13T09:33:38","date_gmt":"2025-01-13T08:33:38","guid":{"rendered":"https:\/\/entretormentas.com\/?p=12251"},"modified":"2025-01-13T09:33:39","modified_gmt":"2025-01-13T08:33:39","slug":"avalada-por-la-onu-alvaro-uribe-pide-una-intervencion-internacional-para-venezuela","status":"publish","type":"post","link":"https:\/\/entretormentas.com\/avalada-por-la-onu-alvaro-uribe-pide-una-intervencion-internacional-para-venezuela\/","title":{"rendered":"\u00a1AVALADA POR LA ONU! \u00c1lvaro Uribe pide una intervenci\u00f3n internacional para Venezuela"},"content":{"rendered":"\n<p><strong>ENTRE TORMENTAS.<\/strong> El expresidente colombiano \u00c1lvaro Uribe (2002-2010) solicit\u00f3 este s\u00e1bado una intervenci\u00f3n internacional para Venezuela, que est\u00e9 avalada por Naciones Unidas, para sacar del poder al l\u00edder chavista Nicol\u00e1s Maduro tras su cuestionada investidura el viernes.<\/p>\n\n\n\n<p>\u00abPedimos una intervenci\u00f3n internacional, preferiblemente avalada por las Naciones Unidas, que desaloje a esos tiranos del poder y convoque de inmediato a unas elecciones libres\u00bb, expres\u00f3 el exmandatario durante un acto pol\u00edtico en C\u00facuta, que tiene el principal paso fronterizo de Colombia con Venezuela.<\/p>\n\n\n\n<p>Uribe y los precandidatos presidenciales de su partido, el derechista Centro Democr\u00e1tico, visitan C\u00facuta para manifestar su apoyo a la oposici\u00f3n venezolana en un \u00abplant\u00f3n por la libertad\u00bb de ambos pa\u00edses.<\/p>\n\n\n\n<p>All\u00ed el expresidente, que cargaba una bandera de Venezuela, mostr\u00f3 su apoyo a los l\u00edderes opositores Mar\u00eda Corina Machado y Edmundo Gonz\u00e1lez, a quienes calific\u00f3 como los \u00abcampeones universales de la democracia\u00bb.<\/p>\n\n\n\n<p>Uribe tambi\u00e9n hizo un llamado a la Fuerza Armada Nacional Bolivariana (FANB) \u00abpara que cumpla su funci\u00f3n de acuerdo con la Constituci\u00f3n y ayude a desalojar la dictadura\u00bb.<\/p>\n\n\n\n<p>\u00abNo hay vida sin libertad, ser esclavo no es una opci\u00f3n. Venezuela ser\u00e1 libre de la mano de Mar\u00eda Corina Machado\u00bb, expres\u00f3, por su parte, la senadora uribista Mar\u00eda Fernanda Cabal en una intervenci\u00f3n en la que tambi\u00e9n afirm\u00f3 que Venezuela es un \u00abEstado criminal\u00bb y que Colombia est\u00e1 en riesgo con el actual mandatario, Gustavo Petro.<br><strong><em>ET \/ Agencias<\/em><\/strong><\/p>\n","protected":false},"excerpt":{"rendered":"<p>ENTRE TORMENTAS. El expresidente colombiano \u00c1lvaro Uribe (2002-2010) solicit\u00f3 este s\u00e1bado una intervenci\u00f3n internacional para&#8230;<\/p>\n","protected":false},"author":2,"featured_media":12252,"comment_status":"closed","ping_status":"open","sticky":false,"template":"","format":"standard","meta":{"footnotes":""},"categories":[56,48],"tags":[],"class_list":["post-12251","post","type-post","status-publish","format-standard","has-post-thumbnail","hentry","category-destacadas","category-internacionales"],"_links":{"self":[{"href":"https:\/\/entretormentas.com\/index.php?rest_route=\/wp\/v2\/posts\/12251","targetHints":{"allow":["GET"]}}],"collection":[{"href":"https:\/\/entretormentas.com\/index.php?rest_route=\/wp\/v2\/posts"}],"about":[{"href":"https:\/\/entretormentas.com\/index.php?rest_route=\/wp\/v2\/types\/post"}],"author":[{"embeddable":true,"href":"https:\/\/entretormentas.com\/index.php?rest_route=\/wp\/v2\/users\/2"}],"replies":[{"embeddable":true,"href":"https:\/\/entretormentas.com\/index.php?rest_route=%2Fwp%2Fv2%2Fcomments&post=12251"}],"version-history":[{"count":1,"href":"https:\/\/entretormentas.com\/index.php?rest_route=\/wp\/v2\/posts\/12251\/revisions"}],"predecessor-version":[{"id":12253,"href":"https:\/\/entretormentas.com\/index.php?rest_route=\/wp\/v2\/posts\/12251\/revisions\/12253"}],"wp:featuredmedia":[{"embeddable":true,"href":"https:\/\/entretormentas.com\/index.php?rest_route=\/wp\/v2\/media\/12252"}],"wp:attachment":[{"href":"https:\/\/entretormentas.com\/index.php?rest_route=%2Fwp%2Fv2%2Fmedia&parent=12251"}],"wp:term":[{"taxonomy":"category","embeddable":true,"href":"https:\/\/entretormentas.com\/index.php?rest_route=%2Fwp%2Fv2%2Fcategories&post=12251"},{"taxonomy":"post_tag","embeddable":true,"href":"https:\/\/entretormentas.com\/index.php?rest_route=%2Fwp%2Fv2%2Ftags&post=12251"}],"curies":[{"name":"wp","href":"https:\/\/api.w.org\/{rel}","templated":true}]}}