{"id":12254,"date":"2025-01-13T09:35:28","date_gmt":"2025-01-13T08:35:28","guid":{"rendered":"https:\/\/entretormentas.com\/?p=12254"},"modified":"2025-01-13T09:35:29","modified_gmt":"2025-01-13T08:35:29","slug":"el-segundo-en-los-ultimos-dias-consulado-de-venezuela-en-vigo-espana-es-atacado","status":"publish","type":"post","link":"https:\/\/entretormentas.com\/el-segundo-en-los-ultimos-dias-consulado-de-venezuela-en-vigo-espana-es-atacado\/","title":{"rendered":"\u00a1EL SEGUNDO EN LOS \u00daLTIMOS D\u00cdAS! Consulado de Venezuela en Vigo, Espa\u00f1a, es atacado"},"content":{"rendered":"\n<p><strong>ENTRE TORMENTAS.<\/strong> Este domingo 12 de enero fue atacado consulado de Venezuela en Vigo, Espa\u00f1a, que atiende a la regi\u00f3n de Galicia y Asturias por sectores radicales de la oposici\u00f3n.<\/p>\n\n\n\n<p>Este suma a la reciente agresi\u00f3n en Lisboa, Portugal, donde las instalaciones diplom\u00e1ticas venezolanas tambi\u00e9n fueron atacadas con un c\u00f3ctel molotov, al aparecer estos sectores acordaron atentar contra las infraestructuras del Estado en el extranjero.<\/p>\n\n\n\n<p>El canciller portugu\u00e9s, Paulo Rangel, conden\u00f3 y calific\u00f3 de \u201cintolerable\u201d dichas acciones. Adem\u00e1s, inform\u00f3 que se reforz\u00f3 la seguridad del consulado venezolano y se orden\u00f3 una adecuada investigaci\u00f3n policial.<\/p>\n\n\n\n<p>Hasta el momento, el gobierno de Espa\u00f1a no se ha pronunciado por el ataque.<br><strong><em>ET \/ Agencias<\/em><\/strong><\/p>\n","protected":false},"excerpt":{"rendered":"<p>ENTRE TORMENTAS. Este domingo 12 de enero fue atacado consulado de Venezuela en Vigo, Espa\u00f1a,&#8230;<\/p>\n","protected":false},"author":2,"featured_media":12255,"comment_status":"closed","ping_status":"open","sticky":false,"template":"","format":"standard","meta":{"footnotes":""},"categories":[56,48],"tags":[],"class_list":["post-12254","post","type-post","status-publish","format-standard","has-post-thumbnail","hentry","category-destacadas","category-internacionales"],"_links":{"self":[{"href":"https:\/\/entretormentas.com\/index.php?rest_route=\/wp\/v2\/posts\/12254","targetHints":{"allow":["GET"]}}],"collection":[{"href":"https:\/\/entretormentas.com\/index.php?rest_route=\/wp\/v2\/posts"}],"about":[{"href":"https:\/\/entretormentas.com\/index.php?rest_route=\/wp\/v2\/types\/post"}],"author":[{"embeddable":true,"href":"https:\/\/entretormentas.com\/index.php?rest_route=\/wp\/v2\/users\/2"}],"replies":[{"embeddable":true,"href":"https:\/\/entretormentas.com\/index.php?rest_route=%2Fwp%2Fv2%2Fcomments&post=12254"}],"version-history":[{"count":1,"href":"https:\/\/entretormentas.com\/index.php?rest_route=\/wp\/v2\/posts\/12254\/revisions"}],"predecessor-version":[{"id":12256,"href":"https:\/\/entretormentas.com\/index.php?rest_route=\/wp\/v2\/posts\/12254\/revisions\/12256"}],"wp:featuredmedia":[{"embeddable":true,"href":"https:\/\/entretormentas.com\/index.php?rest_route=\/wp\/v2\/media\/12255"}],"wp:attachment":[{"href":"https:\/\/entretormentas.com\/index.php?rest_route=%2Fwp%2Fv2%2Fmedia&parent=12254"}],"wp:term":[{"taxonomy":"category","embeddable":true,"href":"https:\/\/entretormentas.com\/index.php?rest_route=%2Fwp%2Fv2%2Fcategories&post=12254"},{"taxonomy":"post_tag","embeddable":true,"href":"https:\/\/entretormentas.com\/index.php?rest_route=%2Fwp%2Fv2%2Ftags&post=12254"}],"curies":[{"name":"wp","href":"https:\/\/api.w.org\/{rel}","templated":true}]}}