{"id":12257,"date":"2025-01-13T09:37:29","date_gmt":"2025-01-13T08:37:29","guid":{"rendered":"https:\/\/entretormentas.com\/?p=12257"},"modified":"2025-01-13T09:37:29","modified_gmt":"2025-01-13T08:37:29","slug":"junto-a-cuba-y-nicaragua-maduro-dice-que-se-prepara-para-tomar-las-armas-de-ser-necesario","status":"publish","type":"post","link":"https:\/\/entretormentas.com\/junto-a-cuba-y-nicaragua-maduro-dice-que-se-prepara-para-tomar-las-armas-de-ser-necesario\/","title":{"rendered":"\u00a1JUNTO A CUBA Y NICARAGUA! Maduro dice que se prepara para \u00abtomar las armas\u00bb, de ser necesario"},"content":{"rendered":"\n<p><strong>ENTRE TORMENTAS. <\/strong>El presidente Nicol\u00e1s Maduro, asegur\u00f3 este s\u00e1bado que Venezuela se prepara junto con Cuba y Nicaragua para \u00abtomar las armas\u00bb, de ser necesario, con el fin de defender \u00abel derecho a la paz\u00bb, y advirti\u00f3 de que \u00abnadie se equivoque\u00bb con el pa\u00eds suramericano, inform\u00f3 EFE.<\/p>\n\n\n\n<p>\u00abVenezuela se va preparando junto con Cuba, junto con Nicaragua, junto con nuestros hermanos mayores del mundo, para si alg\u00fan d\u00eda tenemos que tomar las armas para defender el derecho a la paz, el derecho a la soberan\u00eda y los derechos hist\u00f3ricos de nuestra patria\u00bb, declar\u00f3 Maduro en la clausura del Festival Mundial Internacional Antifascista, convocado por el chavismo.<\/p>\n\n\n\n<p>Asimismo, llam\u00f3 durante el encuentro a la conformaci\u00f3n de una \u00abgran alianza mundial\u00bb, como la que asegur\u00f3 se conform\u00f3 hace 80 a\u00f1os para avanzar en la derrota del \u00abfascismo\u00bb.<\/p>\n\n\n\n<p>No obstante, plante\u00f3 que, \u00absi se diera el caso\u00bb, deber\u00edan tener la capacidad de \u00abenfrentarlo con las armas en la mano\u00bb y \u00abcon la lucha armada leg\u00edtima\u00bb.<\/p>\n\n\n\n<p>\u00abQue nadie se enga\u00f1e que ese escenario pudiera presentarse otra vez. Ochenta a\u00f1os despu\u00e9s, toco la campana de la humanidad\u00bb, sentenci\u00f3, en alusi\u00f3n a la victoria de la extinta Uni\u00f3n Sovi\u00e9tica sobre la Alemania nazi en la Segunda Guerra Mundial.<\/p>\n\n\n\n<p>En ese sentido, advirti\u00f3 \u00abque nadie se equivoque con Venezuela\u00bb. \u00abSi es por las buenas, por las buenas avanzaremos. Y si es por las malas, por las malas tambi\u00e9n lo venceremos, para que respeten a nuestro pueblo\u00bb, agreg\u00f3 en el evento, transmitido por el canal estatal VTV.<br><strong><em>ET \/ Agencias<\/em><\/strong><\/p>\n","protected":false},"excerpt":{"rendered":"<p>ENTRE TORMENTAS. El presidente Nicol\u00e1s Maduro, asegur\u00f3 este s\u00e1bado que Venezuela se prepara junto con&#8230;<\/p>\n","protected":false},"author":2,"featured_media":12258,"comment_status":"closed","ping_status":"open","sticky":false,"template":"","format":"standard","meta":{"footnotes":""},"categories":[56,49],"tags":[],"class_list":["post-12257","post","type-post","status-publish","format-standard","has-post-thumbnail","hentry","category-destacadas","category-nacionales"],"_links":{"self":[{"href":"https:\/\/entretormentas.com\/index.php?rest_route=\/wp\/v2\/posts\/12257","targetHints":{"allow":["GET"]}}],"collection":[{"href":"https:\/\/entretormentas.com\/index.php?rest_route=\/wp\/v2\/posts"}],"about":[{"href":"https:\/\/entretormentas.com\/index.php?rest_route=\/wp\/v2\/types\/post"}],"author":[{"embeddable":true,"href":"https:\/\/entretormentas.com\/index.php?rest_route=\/wp\/v2\/users\/2"}],"replies":[{"embeddable":true,"href":"https:\/\/entretormentas.com\/index.php?rest_route=%2Fwp%2Fv2%2Fcomments&post=12257"}],"version-history":[{"count":1,"href":"https:\/\/entretormentas.com\/index.php?rest_route=\/wp\/v2\/posts\/12257\/revisions"}],"predecessor-version":[{"id":12259,"href":"https:\/\/entretormentas.com\/index.php?rest_route=\/wp\/v2\/posts\/12257\/revisions\/12259"}],"wp:featuredmedia":[{"embeddable":true,"href":"https:\/\/entretormentas.com\/index.php?rest_route=\/wp\/v2\/media\/12258"}],"wp:attachment":[{"href":"https:\/\/entretormentas.com\/index.php?rest_route=%2Fwp%2Fv2%2Fmedia&parent=12257"}],"wp:term":[{"taxonomy":"category","embeddable":true,"href":"https:\/\/entretormentas.com\/index.php?rest_route=%2Fwp%2Fv2%2Fcategories&post=12257"},{"taxonomy":"post_tag","embeddable":true,"href":"https:\/\/entretormentas.com\/index.php?rest_route=%2Fwp%2Fv2%2Ftags&post=12257"}],"curies":[{"name":"wp","href":"https:\/\/api.w.org\/{rel}","templated":true}]}}