{"id":12271,"date":"2025-01-14T09:13:28","date_gmt":"2025-01-14T08:13:28","guid":{"rendered":"https:\/\/entretormentas.com\/?p=12271"},"modified":"2025-01-14T09:13:29","modified_gmt":"2025-01-14T08:13:29","slug":"en-maracaibo-san-francisco-y-cabimas-gobernacion-anuncia-el-regreso-a-clases-del-programa-francisco-ochoa","status":"publish","type":"post","link":"https:\/\/entretormentas.com\/en-maracaibo-san-francisco-y-cabimas-gobernacion-anuncia-el-regreso-a-clases-del-programa-francisco-ochoa\/","title":{"rendered":"\u00a1EN MARACAIBO, SAN FRANCISCO Y CABIMAS! Gobernaci\u00f3n anuncia el regreso a clases del Programa Francisco Ochoa"},"content":{"rendered":"\n<p><strong>ENTRE TORMENTAS.<\/strong> Este lunes 13 de enero, la Gobernaci\u00f3n del Zulia anunci\u00f3 el regreso a clases del Programa Francisco Ochoa en los municipios de Maracaibo, San Francisco y Cabimas. Las actividades se llevar\u00e1n a cabo en las sedes acad\u00e9micas de la Universidad del Zulia y del Instituto Universitario San Francisco, seg\u00fan lo inform\u00f3 el secretario de Educaci\u00f3n Superior, Dr. Gabriel Ferrer Cubill\u00e1n.<\/p>\n\n\n\n<p>El Dr. Ferrer explic\u00f3 que el Programa hab\u00eda entrado en receso durante las festividades de diciembre y fin de a\u00f1o, pero a partir de hoy se reanudan las clases de todos los cursos, conforme a la programaci\u00f3n establecida para cada uno de los oficios que se imparten.<\/p>\n\n\n\n<p>Hasta la fecha, el Programa Francisco Ochoa ha permitido que miles de zulianos se capaciten en diversas \u00e1reas, incluyendo carpinter\u00eda, herrer\u00eda, plomer\u00eda, electricidad residencial, asistencia de bioan\u00e1lisis, cuidados geri\u00e1tricos y reparaci\u00f3n de computadoras y celulares.<\/p>\n\n\n\n<figure class=\"wp-block-image size-full\"><img fetchpriority=\"high\" decoding=\"async\" width=\"900\" height=\"900\" src=\"https:\/\/entretormentas.com\/wp-content\/uploads\/2025\/01\/image-182.png\" alt=\"\" class=\"wp-image-12273\" srcset=\"https:\/\/entretormentas.com\/wp-content\/uploads\/2025\/01\/image-182.png 900w, https:\/\/entretormentas.com\/wp-content\/uploads\/2025\/01\/image-182-300x300.png 300w, https:\/\/entretormentas.com\/wp-content\/uploads\/2025\/01\/image-182-150x150.png 150w, https:\/\/entretormentas.com\/wp-content\/uploads\/2025\/01\/image-182-768x768.png 768w\" sizes=\"(max-width: 900px) 100vw, 900px\" \/><\/figure>\n\n\n\n<p>\u201cEl gobernador Manuel Rosales contin\u00faa apostando por el talento y la capacitaci\u00f3n de los j\u00f3venes zulianos. Nuestro objetivo es impulsar el desarrollo econ\u00f3mico de la regi\u00f3n y crear las condiciones necesarias para recuperar la productividad, tanto a nivel regional como nacional, a trav\u00e9s de la educaci\u00f3n y el trabajo\u201d, afirm\u00f3 Ferrer.<\/p>\n\n\n\n<p>En el n\u00facleo de la Universidad del Zulia, ubicado en el municipio Cabimas, se reinician las clases de los cursos a partir del 21 de enero en herrer\u00eda, electricidad residencial, mec\u00e1nica automotriz y plomer\u00eda. El 22 de enero comenzar\u00e1 cuidados geri\u00e1tricos y el 29 de enero dar\u00e1 inicio el curso de asistente de bioan\u00e1lisis.<\/p>\n\n\n\n<p>Desde este lunes, en el Instituto San Francisco se impartir\u00e1n los cursos de reparaci\u00f3n de celulares y computadoras, y el s\u00e1bado 18 comenzar\u00e1n herrer\u00eda y plomer\u00eda.<\/p>\n\n\n\n<p>Por otra parte, en la Facultad de Ingenier\u00eda de la Universidad del Zulia todos los oficios iniciar\u00e1n a partir de este lunes 13, mientras que en la Facultad de Arquitectura de LUZ comenzar\u00e1 carpinter\u00eda el jueves 16. Por \u00faltimo, en la Facultad de Medicina iniciar\u00e1 cuidados geri\u00e1tricos el martes 21 de enero y el mi\u00e9rcoles 29 comenzar\u00e1 el curso de asistente de bioan\u00e1lisis.<br><strong><em>ET \/ Nota de Prensa<\/em><\/strong><\/p>\n","protected":false},"excerpt":{"rendered":"<p>ENTRE TORMENTAS. Este lunes 13 de enero, la Gobernaci\u00f3n del Zulia anunci\u00f3 el regreso a&#8230;<\/p>\n","protected":false},"author":2,"featured_media":12272,"comment_status":"closed","ping_status":"open","sticky":false,"template":"","format":"standard","meta":{"footnotes":""},"categories":[57,1],"tags":[],"class_list":["post-12271","post","type-post","status-publish","format-standard","has-post-thumbnail","hentry","category-actualidad","category-regionales"],"_links":{"self":[{"href":"https:\/\/entretormentas.com\/index.php?rest_route=\/wp\/v2\/posts\/12271","targetHints":{"allow":["GET"]}}],"collection":[{"href":"https:\/\/entretormentas.com\/index.php?rest_route=\/wp\/v2\/posts"}],"about":[{"href":"https:\/\/entretormentas.com\/index.php?rest_route=\/wp\/v2\/types\/post"}],"author":[{"embeddable":true,"href":"https:\/\/entretormentas.com\/index.php?rest_route=\/wp\/v2\/users\/2"}],"replies":[{"embeddable":true,"href":"https:\/\/entretormentas.com\/index.php?rest_route=%2Fwp%2Fv2%2Fcomments&post=12271"}],"version-history":[{"count":1,"href":"https:\/\/entretormentas.com\/index.php?rest_route=\/wp\/v2\/posts\/12271\/revisions"}],"predecessor-version":[{"id":12274,"href":"https:\/\/entretormentas.com\/index.php?rest_route=\/wp\/v2\/posts\/12271\/revisions\/12274"}],"wp:featuredmedia":[{"embeddable":true,"href":"https:\/\/entretormentas.com\/index.php?rest_route=\/wp\/v2\/media\/12272"}],"wp:attachment":[{"href":"https:\/\/entretormentas.com\/index.php?rest_route=%2Fwp%2Fv2%2Fmedia&parent=12271"}],"wp:term":[{"taxonomy":"category","embeddable":true,"href":"https:\/\/entretormentas.com\/index.php?rest_route=%2Fwp%2Fv2%2Fcategories&post=12271"},{"taxonomy":"post_tag","embeddable":true,"href":"https:\/\/entretormentas.com\/index.php?rest_route=%2Fwp%2Fv2%2Ftags&post=12271"}],"curies":[{"name":"wp","href":"https:\/\/api.w.org\/{rel}","templated":true}]}}