{"id":12275,"date":"2025-01-14T09:15:58","date_gmt":"2025-01-14T08:15:58","guid":{"rendered":"https:\/\/entretormentas.com\/?p=12275"},"modified":"2025-01-14T09:15:58","modified_gmt":"2025-01-14T08:15:58","slug":"detras-de-galerias-mas-de-100-toneladas-de-desechos-solidos-retira-la-alcaldia-de-punto-critico-en-raul-leoni","status":"publish","type":"post","link":"https:\/\/entretormentas.com\/detras-de-galerias-mas-de-100-toneladas-de-desechos-solidos-retira-la-alcaldia-de-punto-critico-en-raul-leoni\/","title":{"rendered":"\u00a1DETR\u00c1S DE GALER\u00cdAS! M\u00e1s de 100 toneladas de desechos s\u00f3lidos retira la Alcald\u00eda de punto cr\u00edtico en Ra\u00fal Leoni"},"content":{"rendered":"\n<p><strong>ENTRE TORMENTAS.<\/strong> Completamente saneado qued\u00f3 un punto cr\u00edtico de desechos s\u00f3lidos ubicado en la calle 80 del barrio Francisco de Miranda, espec\u00edficamente detr\u00e1s del centro comercial Galer\u00edas Mall, luego que la Alcald\u00eda de Maracaibo, a trav\u00e9s del Instituto Municipal de Aseo Urbano y Domiciliario (IMAU), recogiera m\u00e1s de 140 toneladas de basura.<\/p>\n\n\n\n<p>Con un despliegue de una m\u00e1quina, tres ambientalistas y m\u00e1s de siete horas de trabajo, IMAU logr\u00f3 devolver el paso vehicular y peatonal a la mencionada zona de la parroquia Ra\u00fal Leoni.<\/p>\n\n\n\n<p>Marco Rivero, presidente de IMAU, indic\u00f3 que desde el instituto mantienen un trabajo constante para garantizar una ciudad limpia y verde. \u201cEsta fue una solicitud que hicieron las comunidades y le estamos cumplido, dejando un espacio limpio por el trabajo del personal del IMAU\u201d, recalc\u00f3.<\/p>\n\n\n\n<p>La denuncia de este punto cr\u00edtico lleg\u00f3 a trav\u00e9s de las redes sociales del alcalde encargado Adri\u00e1n Romero Mart\u00ednez, quien inmediatamente exigi\u00f3 el abordaje.<\/p>\n\n\n\n<figure class=\"wp-block-image size-large\"><img fetchpriority=\"high\" decoding=\"async\" width=\"1024\" height=\"678\" src=\"https:\/\/entretormentas.com\/wp-content\/uploads\/2025\/01\/image-183-1024x678.png\" alt=\"\" class=\"wp-image-12276\" srcset=\"https:\/\/entretormentas.com\/wp-content\/uploads\/2025\/01\/image-183-1024x678.png 1024w, https:\/\/entretormentas.com\/wp-content\/uploads\/2025\/01\/image-183-300x199.png 300w, https:\/\/entretormentas.com\/wp-content\/uploads\/2025\/01\/image-183-768x508.png 768w, https:\/\/entretormentas.com\/wp-content\/uploads\/2025\/01\/image-183-1536x1017.png 1536w, https:\/\/entretormentas.com\/wp-content\/uploads\/2025\/01\/image-183.png 1600w\" sizes=\"(max-width: 1024px) 100vw, 1024px\" \/><\/figure>\n\n\n\n<p>\u201cUrgente, recoger toneladas de basura detr\u00e1s de Galer\u00edas Mall, justo en la incorporaci\u00f3n de la C2 a las villas Tierras del Sol\u201d, escribi\u00f3 el usuario Hamlet Morales.<\/p>\n\n\n\n<p>En tiempo r\u00e9cord la municipalidad atendi\u00f3 el problema y la comunidad de la parroquia Ra\u00fal Leoni reconoci\u00f3 el esfuerzo realizado por el IMAU.<\/p>\n\n\n\n<p>\u201cSigan cumpliendo con su trabajo con cari\u00f1o y de la manera correcta\u201d, fue el comentario de la internauta Aura Olmos, recibido en la misma red social, una vez se atendi\u00f3 la situaci\u00f3n.<\/p>\n\n\n\n<p>Asimismo, Mervin Guerra coment\u00f3 acerca del servicio de aseo urbano. \u201cLa recolecci\u00f3n ha mejorado much\u00edsimo, antes pasaba hasta 3 veces por semana, aunque ahora pasa 2, le puedo dar un 9.5 de calificaci\u00f3n\u201d.<\/p>\n\n\n\n<p>El presidente del IMAU recalc\u00f3 que la Alcald\u00eda de Maracaibo contin\u00faa con todos los esfuerzos para dar cumplimiento al cronograma de recolecci\u00f3n establecido en las 18 parroquias de la ciudad.<br><strong><em>ET \/ DCI Alcald\u00eda de Maracaibo<\/em><\/strong><\/p>\n\n\n\n<p><\/p>\n","protected":false},"excerpt":{"rendered":"<p>ENTRE TORMENTAS. Completamente saneado qued\u00f3 un punto cr\u00edtico de desechos s\u00f3lidos ubicado en la calle&#8230;<\/p>\n","protected":false},"author":2,"featured_media":12277,"comment_status":"closed","ping_status":"open","sticky":false,"template":"","format":"standard","meta":{"footnotes":""},"categories":[57,1],"tags":[],"class_list":["post-12275","post","type-post","status-publish","format-standard","has-post-thumbnail","hentry","category-actualidad","category-regionales"],"_links":{"self":[{"href":"https:\/\/entretormentas.com\/index.php?rest_route=\/wp\/v2\/posts\/12275","targetHints":{"allow":["GET"]}}],"collection":[{"href":"https:\/\/entretormentas.com\/index.php?rest_route=\/wp\/v2\/posts"}],"about":[{"href":"https:\/\/entretormentas.com\/index.php?rest_route=\/wp\/v2\/types\/post"}],"author":[{"embeddable":true,"href":"https:\/\/entretormentas.com\/index.php?rest_route=\/wp\/v2\/users\/2"}],"replies":[{"embeddable":true,"href":"https:\/\/entretormentas.com\/index.php?rest_route=%2Fwp%2Fv2%2Fcomments&post=12275"}],"version-history":[{"count":1,"href":"https:\/\/entretormentas.com\/index.php?rest_route=\/wp\/v2\/posts\/12275\/revisions"}],"predecessor-version":[{"id":12278,"href":"https:\/\/entretormentas.com\/index.php?rest_route=\/wp\/v2\/posts\/12275\/revisions\/12278"}],"wp:featuredmedia":[{"embeddable":true,"href":"https:\/\/entretormentas.com\/index.php?rest_route=\/wp\/v2\/media\/12277"}],"wp:attachment":[{"href":"https:\/\/entretormentas.com\/index.php?rest_route=%2Fwp%2Fv2%2Fmedia&parent=12275"}],"wp:term":[{"taxonomy":"category","embeddable":true,"href":"https:\/\/entretormentas.com\/index.php?rest_route=%2Fwp%2Fv2%2Fcategories&post=12275"},{"taxonomy":"post_tag","embeddable":true,"href":"https:\/\/entretormentas.com\/index.php?rest_route=%2Fwp%2Fv2%2Ftags&post=12275"}],"curies":[{"name":"wp","href":"https:\/\/api.w.org\/{rel}","templated":true}]}}