{"id":12282,"date":"2025-01-14T09:19:15","date_gmt":"2025-01-14T08:19:15","guid":{"rendered":"https:\/\/entretormentas.com\/?p=12282"},"modified":"2025-01-14T09:19:16","modified_gmt":"2025-01-14T08:19:16","slug":"todo-listo-mas-de-13-mil-efectivos-de-seguridad-resguardan-procesion-de-la-divina-pastora","status":"publish","type":"post","link":"https:\/\/entretormentas.com\/todo-listo-mas-de-13-mil-efectivos-de-seguridad-resguardan-procesion-de-la-divina-pastora\/","title":{"rendered":"\u00a1TODO LISTO! M\u00e1s de 13 mil efectivos de seguridad resguardan procesi\u00f3n de la Divina Pastora"},"content":{"rendered":"\n<p><strong>ENTRE TORMENTAS.<\/strong> M\u00e1s de 13 mil funcionarios de distintos cuerpos de seguridad se desplegar\u00e1n en el estado Lara, para resguardo de propios y visitantes que participar\u00e1n en la procesi\u00f3n 167 de la Divina Pastora, que se realizar\u00e1 este martes 14 de enero.<\/p>\n\n\n\n<p>El gobernador del estado Lara, Adolfo Pereira, se\u00f1al\u00f3 que una primera avanzada fue activada para los eventos previos al peregrinaje, que se cumplir\u00e1n del pueblo de Santa Rosa a la Catedral de Barquisimeto, en una distancia de 7,5 kil\u00f3metros, con la imagen de la Virgen sobre los hombros de su pueblo.<\/p>\n\n\n\n<p>Precis\u00f3 adem\u00e1s que se activar\u00e1n 388 veh\u00edculos de seguridad y 58 ambulancias, para atender a la feligres\u00eda que asistir\u00e1 a la procesi\u00f3n.<br><strong><em>ET \/ Agencia<\/em><\/strong><\/p>\n","protected":false},"excerpt":{"rendered":"<p>ENTRE TORMENTAS. M\u00e1s de 13 mil funcionarios de distintos cuerpos de seguridad se desplegar\u00e1n en&#8230;<\/p>\n","protected":false},"author":2,"featured_media":12283,"comment_status":"closed","ping_status":"open","sticky":false,"template":"","format":"standard","meta":{"footnotes":""},"categories":[49],"tags":[],"class_list":["post-12282","post","type-post","status-publish","format-standard","has-post-thumbnail","hentry","category-nacionales"],"_links":{"self":[{"href":"https:\/\/entretormentas.com\/index.php?rest_route=\/wp\/v2\/posts\/12282","targetHints":{"allow":["GET"]}}],"collection":[{"href":"https:\/\/entretormentas.com\/index.php?rest_route=\/wp\/v2\/posts"}],"about":[{"href":"https:\/\/entretormentas.com\/index.php?rest_route=\/wp\/v2\/types\/post"}],"author":[{"embeddable":true,"href":"https:\/\/entretormentas.com\/index.php?rest_route=\/wp\/v2\/users\/2"}],"replies":[{"embeddable":true,"href":"https:\/\/entretormentas.com\/index.php?rest_route=%2Fwp%2Fv2%2Fcomments&post=12282"}],"version-history":[{"count":1,"href":"https:\/\/entretormentas.com\/index.php?rest_route=\/wp\/v2\/posts\/12282\/revisions"}],"predecessor-version":[{"id":12284,"href":"https:\/\/entretormentas.com\/index.php?rest_route=\/wp\/v2\/posts\/12282\/revisions\/12284"}],"wp:featuredmedia":[{"embeddable":true,"href":"https:\/\/entretormentas.com\/index.php?rest_route=\/wp\/v2\/media\/12283"}],"wp:attachment":[{"href":"https:\/\/entretormentas.com\/index.php?rest_route=%2Fwp%2Fv2%2Fmedia&parent=12282"}],"wp:term":[{"taxonomy":"category","embeddable":true,"href":"https:\/\/entretormentas.com\/index.php?rest_route=%2Fwp%2Fv2%2Fcategories&post=12282"},{"taxonomy":"post_tag","embeddable":true,"href":"https:\/\/entretormentas.com\/index.php?rest_route=%2Fwp%2Fv2%2Ftags&post=12282"}],"curies":[{"name":"wp","href":"https:\/\/api.w.org\/{rel}","templated":true}]}}