{"id":12285,"date":"2025-01-14T09:21:02","date_gmt":"2025-01-14T08:21:02","guid":{"rendered":"https:\/\/entretormentas.com\/?p=12285"},"modified":"2025-01-14T09:21:02","modified_gmt":"2025-01-14T08:21:02","slug":"nueva-accion-mp-solicita-orden-de-aprehension-y-alerta-roja-de-interpol-contra-leopoldo-lopez","status":"publish","type":"post","link":"https:\/\/entretormentas.com\/nueva-accion-mp-solicita-orden-de-aprehension-y-alerta-roja-de-interpol-contra-leopoldo-lopez\/","title":{"rendered":"\u00a1NUEVA ACCI\u00d3N! MP solicita orden de aprehensi\u00f3n y alerta roja de Interpol contra Leopoldo L\u00f3pez"},"content":{"rendered":"\n<p><strong>ENTRE TORMENTAS. <\/strong>El fiscal general, Tarek William Saab, indic\u00f3 que en una reuni\u00f3n con el expresidente colombiano, \u00c1lvaro Uribe, estuvo presente Leopoldo L\u00f3pez, contra quien se emiti\u00f3 una nueva orden de aprehensi\u00f3n y se solicit\u00f3 una alerta roja de Interpol por delitos de instigar a acciones armadas contra la rep\u00fablica.<\/p>\n\n\n\n<p>Adem\u00e1s, Saab tambi\u00e9n rechaz\u00f3 \u201cdeclaraciones intervencionistas de Uribe\u201d.<\/p>\n\n\n\n<p>Por otra parte, reiter\u00f3 que es falso que Mar\u00eda Corina Machado haya sido detenida y afirm\u00f3 que el motorizado que la acompa\u00f1aba el pasado 9 enero, fue aprehendido en una operaci\u00f3n posterior y no el d\u00eda de la concentraci\u00f3n como se dijo en ese momento.<br><strong><em>ET \/ Uni\u00f3n Radio<\/em><\/strong><\/p>\n","protected":false},"excerpt":{"rendered":"<p>ENTRE TORMENTAS. El fiscal general, Tarek William Saab, indic\u00f3 que en una reuni\u00f3n con el&#8230;<\/p>\n","protected":false},"author":2,"featured_media":12286,"comment_status":"closed","ping_status":"open","sticky":false,"template":"","format":"standard","meta":{"footnotes":""},"categories":[49],"tags":[],"class_list":["post-12285","post","type-post","status-publish","format-standard","has-post-thumbnail","hentry","category-nacionales"],"_links":{"self":[{"href":"https:\/\/entretormentas.com\/index.php?rest_route=\/wp\/v2\/posts\/12285","targetHints":{"allow":["GET"]}}],"collection":[{"href":"https:\/\/entretormentas.com\/index.php?rest_route=\/wp\/v2\/posts"}],"about":[{"href":"https:\/\/entretormentas.com\/index.php?rest_route=\/wp\/v2\/types\/post"}],"author":[{"embeddable":true,"href":"https:\/\/entretormentas.com\/index.php?rest_route=\/wp\/v2\/users\/2"}],"replies":[{"embeddable":true,"href":"https:\/\/entretormentas.com\/index.php?rest_route=%2Fwp%2Fv2%2Fcomments&post=12285"}],"version-history":[{"count":1,"href":"https:\/\/entretormentas.com\/index.php?rest_route=\/wp\/v2\/posts\/12285\/revisions"}],"predecessor-version":[{"id":12287,"href":"https:\/\/entretormentas.com\/index.php?rest_route=\/wp\/v2\/posts\/12285\/revisions\/12287"}],"wp:featuredmedia":[{"embeddable":true,"href":"https:\/\/entretormentas.com\/index.php?rest_route=\/wp\/v2\/media\/12286"}],"wp:attachment":[{"href":"https:\/\/entretormentas.com\/index.php?rest_route=%2Fwp%2Fv2%2Fmedia&parent=12285"}],"wp:term":[{"taxonomy":"category","embeddable":true,"href":"https:\/\/entretormentas.com\/index.php?rest_route=%2Fwp%2Fv2%2Fcategories&post=12285"},{"taxonomy":"post_tag","embeddable":true,"href":"https:\/\/entretormentas.com\/index.php?rest_route=%2Fwp%2Fv2%2Ftags&post=12285"}],"curies":[{"name":"wp","href":"https:\/\/api.w.org\/{rel}","templated":true}]}}