{"id":12291,"date":"2025-01-14T09:25:01","date_gmt":"2025-01-14T08:25:01","guid":{"rendered":"https:\/\/entretormentas.com\/?p=12291"},"modified":"2025-01-14T09:25:02","modified_gmt":"2025-01-14T08:25:02","slug":"rechazo-venezuela-denuncia-ataques-a-cinco-sedes-de-consulados-en-europa-y-latinoamerica","status":"publish","type":"post","link":"https:\/\/entretormentas.com\/rechazo-venezuela-denuncia-ataques-a-cinco-sedes-de-consulados-en-europa-y-latinoamerica\/","title":{"rendered":"\u00a1RECHAZO! Venezuela denuncia ataques a cinco sedes de consulados en Europa y Latinoam\u00e9rica"},"content":{"rendered":"\n<p><strong>ENTRE TORMENTAS.<\/strong> Venezuela denunci\u00f3 este lunes ataques contra las sedes de los consulados generales en Lisboa (Portugal), Frankfurt (Alemania), Medell\u00edn (Colombia), Vigo (Espa\u00f1a) y San Jos\u00e9 (Costa Rica), coordinados -dijo- por los \u00abcomanditos del fascismo\u00bb, en alusi\u00f3n a los grupos de organizaci\u00f3n pol\u00edtica de la campa\u00f1a del candidato opositor Edmundo Gonz\u00e1lez Urrutia, detalla EFE.<\/p>\n\n\n\n<p>\u00abEn una acci\u00f3n coordinada por los comanditos del fascismo desquiciado, varias sedes de nuestros consulados han sido atacadas por extremistas que hacen el mismo da\u00f1o a nuestras sedes diplom\u00e1ticas que quieren hacerle a nuestra amada patria bolivariana\u00bb, dijo el titular de Exteriores, Yv\u00e1n Gil, en Telegram.<\/p>\n\n\n\n<p>Exigi\u00f3 a las autoridades de Portugal, Alemania, Colombia, Espa\u00f1a y Costa Rica celeridad en las investigaciones para dar con los responsables y que se garantice la integridad de estas instalaciones, \u00abcomo lo establece la Convenci\u00f3n de Viena\u00bb.<\/p>\n\n\n\n<p>\u00abEl odio fascista inoculado, estimulado y protegido por a\u00f1os en el exterior, es la principal causa de estas agresiones\u00bb, se\u00f1al\u00f3 Gil, quien comparti\u00f3 im\u00e1genes donde se ven pintadas en una bandera, en diversas fachadas de las sedes consulares, as\u00ed como una imagen de Gonz\u00e1lez Urrutia con una banda presidencial.<br><strong><em>ET \/ Agencias<\/em><\/strong><\/p>\n","protected":false},"excerpt":{"rendered":"<p>ENTRE TORMENTAS. Venezuela denunci\u00f3 este lunes ataques contra las sedes de los consulados generales en&#8230;<\/p>\n","protected":false},"author":2,"featured_media":12292,"comment_status":"closed","ping_status":"open","sticky":false,"template":"","format":"standard","meta":{"footnotes":""},"categories":[49],"tags":[],"class_list":["post-12291","post","type-post","status-publish","format-standard","has-post-thumbnail","hentry","category-nacionales"],"_links":{"self":[{"href":"https:\/\/entretormentas.com\/index.php?rest_route=\/wp\/v2\/posts\/12291","targetHints":{"allow":["GET"]}}],"collection":[{"href":"https:\/\/entretormentas.com\/index.php?rest_route=\/wp\/v2\/posts"}],"about":[{"href":"https:\/\/entretormentas.com\/index.php?rest_route=\/wp\/v2\/types\/post"}],"author":[{"embeddable":true,"href":"https:\/\/entretormentas.com\/index.php?rest_route=\/wp\/v2\/users\/2"}],"replies":[{"embeddable":true,"href":"https:\/\/entretormentas.com\/index.php?rest_route=%2Fwp%2Fv2%2Fcomments&post=12291"}],"version-history":[{"count":1,"href":"https:\/\/entretormentas.com\/index.php?rest_route=\/wp\/v2\/posts\/12291\/revisions"}],"predecessor-version":[{"id":12293,"href":"https:\/\/entretormentas.com\/index.php?rest_route=\/wp\/v2\/posts\/12291\/revisions\/12293"}],"wp:featuredmedia":[{"embeddable":true,"href":"https:\/\/entretormentas.com\/index.php?rest_route=\/wp\/v2\/media\/12292"}],"wp:attachment":[{"href":"https:\/\/entretormentas.com\/index.php?rest_route=%2Fwp%2Fv2%2Fmedia&parent=12291"}],"wp:term":[{"taxonomy":"category","embeddable":true,"href":"https:\/\/entretormentas.com\/index.php?rest_route=%2Fwp%2Fv2%2Fcategories&post=12291"},{"taxonomy":"post_tag","embeddable":true,"href":"https:\/\/entretormentas.com\/index.php?rest_route=%2Fwp%2Fv2%2Ftags&post=12291"}],"curies":[{"name":"wp","href":"https:\/\/api.w.org\/{rel}","templated":true}]}}