{"id":12294,"date":"2025-01-14T09:27:18","date_gmt":"2025-01-14T08:27:18","guid":{"rendered":"https:\/\/entretormentas.com\/?p=12294"},"modified":"2025-01-14T09:27:18","modified_gmt":"2025-01-14T08:27:18","slug":"a-traves-de-un-video-gobierno-confirma-detencion-de-motorizado-de-mcm-en-hotel-de-caracas","status":"publish","type":"post","link":"https:\/\/entretormentas.com\/a-traves-de-un-video-gobierno-confirma-detencion-de-motorizado-de-mcm-en-hotel-de-caracas\/","title":{"rendered":"\u00a1A TRAV\u00c9S DE UN VIDEO! Gobierno confirma detenci\u00f3n de motorizado de MCM en hotel de Caracas"},"content":{"rendered":"\n<p><strong>ENTRE TORMENTAS. <\/strong>Funcionarios de la Polic\u00eda Nacional Bolivariana (PNB) detuvieron a Roalmi Alberto Cabeza Cede\u00f1o, motorizado de la dirigente de la oposici\u00f3n, Mar\u00eda Corina Machado, quien seg\u00fan ella, habr\u00eda sido \u00abherido y desaparecido\u00bb por los cuerpos de seguridad del Estado el pasado jueves 9 de enero.<\/p>\n\n\n\n<p>Cabeza Cede\u00f1o fue encontrado por los uniformados en un reconocido hotel caraque\u00f1o, en donde permanec\u00eda escondido por \u00f3rdenes de Machado, despu\u00e9s que Machado dijera que fue \u00absecuestrada\u00bb, luego de participar en una movilizaci\u00f3n opositora convocada por ella, mientras unos de sus acompa\u00f1antes supuestamente \u00abfue herido y detenido\u00bb.<\/p>\n\n\n\n<figure class=\"wp-block-image size-full\"><img fetchpriority=\"high\" decoding=\"async\" width=\"593\" height=\"878\" src=\"https:\/\/entretormentas.com\/wp-content\/uploads\/2025\/01\/image-191.png\" alt=\"\" class=\"wp-image-12296\" srcset=\"https:\/\/entretormentas.com\/wp-content\/uploads\/2025\/01\/image-191.png 593w, https:\/\/entretormentas.com\/wp-content\/uploads\/2025\/01\/image-191-203x300.png 203w\" sizes=\"(max-width: 593px) 100vw, 593px\" \/><\/figure>\n\n\n\n<p>En un video divulgado por el Ministerio de Relaciones Interiores, Justicia y Paz, en su cuenta de Instagram, se aprecia el momento en que a Cabeza Cede\u00f1o se le encuentra un bolso azul, en el cual hab\u00eda un tel\u00e9fono que la dirigente, reconocida por provocar hechos de violencia y pedir invasiones contra el pa\u00eds, le hab\u00eda entregado para \u00abcontactarlo y darle instrucciones\u00bb.<\/p>\n\n\n\n<p>Adem\u00e1s del video, la Vicepresidencia Sectorial de Pol\u00edtica, Seguridad Ciudadana y Paz present\u00f3 un comunicado sobre este hecho.<br><strong><em>ET \/ El Universal<\/em><\/strong><\/p>\n","protected":false},"excerpt":{"rendered":"<p>ENTRE TORMENTAS. Funcionarios de la Polic\u00eda Nacional Bolivariana (PNB) detuvieron a Roalmi Alberto Cabeza Cede\u00f1o,&#8230;<\/p>\n","protected":false},"author":2,"featured_media":12295,"comment_status":"closed","ping_status":"open","sticky":false,"template":"","format":"standard","meta":{"footnotes":""},"categories":[56,49],"tags":[],"class_list":["post-12294","post","type-post","status-publish","format-standard","has-post-thumbnail","hentry","category-destacadas","category-nacionales"],"_links":{"self":[{"href":"https:\/\/entretormentas.com\/index.php?rest_route=\/wp\/v2\/posts\/12294","targetHints":{"allow":["GET"]}}],"collection":[{"href":"https:\/\/entretormentas.com\/index.php?rest_route=\/wp\/v2\/posts"}],"about":[{"href":"https:\/\/entretormentas.com\/index.php?rest_route=\/wp\/v2\/types\/post"}],"author":[{"embeddable":true,"href":"https:\/\/entretormentas.com\/index.php?rest_route=\/wp\/v2\/users\/2"}],"replies":[{"embeddable":true,"href":"https:\/\/entretormentas.com\/index.php?rest_route=%2Fwp%2Fv2%2Fcomments&post=12294"}],"version-history":[{"count":1,"href":"https:\/\/entretormentas.com\/index.php?rest_route=\/wp\/v2\/posts\/12294\/revisions"}],"predecessor-version":[{"id":12297,"href":"https:\/\/entretormentas.com\/index.php?rest_route=\/wp\/v2\/posts\/12294\/revisions\/12297"}],"wp:featuredmedia":[{"embeddable":true,"href":"https:\/\/entretormentas.com\/index.php?rest_route=\/wp\/v2\/media\/12295"}],"wp:attachment":[{"href":"https:\/\/entretormentas.com\/index.php?rest_route=%2Fwp%2Fv2%2Fmedia&parent=12294"}],"wp:term":[{"taxonomy":"category","embeddable":true,"href":"https:\/\/entretormentas.com\/index.php?rest_route=%2Fwp%2Fv2%2Fcategories&post=12294"},{"taxonomy":"post_tag","embeddable":true,"href":"https:\/\/entretormentas.com\/index.php?rest_route=%2Fwp%2Fv2%2Ftags&post=12294"}],"curies":[{"name":"wp","href":"https:\/\/api.w.org\/{rel}","templated":true}]}}