{"id":12298,"date":"2025-01-14T09:29:05","date_gmt":"2025-01-14T08:29:05","guid":{"rendered":"https:\/\/entretormentas.com\/?p=12298"},"modified":"2025-01-14T09:29:06","modified_gmt":"2025-01-14T08:29:06","slug":"incluyendo-a-gobernadores-de-oposicion-an-inicia-discusion-con-los-partidos-politicos-para-el-cronograma-electoral-del-2025","status":"publish","type":"post","link":"https:\/\/entretormentas.com\/incluyendo-a-gobernadores-de-oposicion-an-inicia-discusion-con-los-partidos-politicos-para-el-cronograma-electoral-del-2025\/","title":{"rendered":"\u00a1INCLUYENDO A GOBERNADORES DE OPOSICI\u00d3N! AN inicia discusi\u00f3n con los partidos pol\u00edticos para el cronograma electoral del 2025"},"content":{"rendered":"\n<p><strong>ENTRE TORMENTAS. <\/strong>La Asamblea Nacional (AN) iniciar\u00e1 una etapa de discusi\u00f3n del cronograma de elecciones determinadas para este a\u00f1o 2025 con todos los sectores pol\u00edticos de la naci\u00f3n, tras cursar invitaci\u00f3n p\u00fablica para sumarse a la misma este 14 de enero, con \u00abcon especial \u00e9nfasis en los cuatro gobernadores de la oposici\u00f3n\u00bb.<\/p>\n\n\n\n<p>La convocatoria se realiz\u00f3 este lunes a todas las organizaciones y los partidos pol\u00edticos a un encuentro con la \u00abComisi\u00f3n Especial para la revisi\u00f3n de las normas y Leyes sobre los Procesos Electorales y los Partidos Pol\u00edticos\u00bb para la elaboraci\u00f3n del cronograma electoral de los comicios de gobernadores, alcaldes, concejos municipales, consejos legislativos y Asamblea Nacional previstos para el a\u00f1o 2025.<\/p>\n\n\n\n<p>El diputado Jorge Rodr\u00edguez detall\u00f3 mediante un comunicado dado a conocer en redes sociales que el encuentro tendr\u00e1 lugar en la sede de la AN este martes 14 de enero a las 11:30 de la ma\u00f1ana.<\/p>\n\n\n\n<p>\u00abEl Poder Legislativo de la Rep\u00fablica Bolivariana de Venezuela convoca a todas las organizaciones y partidos pol\u00edticos que cuenten o no con representaci\u00f3n ante la Asamblea Nacional, con especial \u00e9nfasis en los cuatro gobernadores de la oposici\u00f3n, a una reuni\u00f3n este martes 14 de enero a las 11:30 am. en el Palacio Federal Legislativo, sede de la Asamblea Nacional con la Comisi\u00f3n Especial para la revisi\u00f3n de las normas y Leyes sobre los Procesos Electorales y los Partidos Pol\u00edticos\u00bb, cita el texto.<br><strong><em>ET \/ Agencias<\/em><\/strong><\/p>\n","protected":false},"excerpt":{"rendered":"<p>ENTRE TORMENTAS. La Asamblea Nacional (AN) iniciar\u00e1 una etapa de discusi\u00f3n del cronograma de elecciones&#8230;<\/p>\n","protected":false},"author":2,"featured_media":12299,"comment_status":"closed","ping_status":"open","sticky":false,"template":"","format":"standard","meta":{"footnotes":""},"categories":[56,49],"tags":[],"class_list":["post-12298","post","type-post","status-publish","format-standard","has-post-thumbnail","hentry","category-destacadas","category-nacionales"],"_links":{"self":[{"href":"https:\/\/entretormentas.com\/index.php?rest_route=\/wp\/v2\/posts\/12298","targetHints":{"allow":["GET"]}}],"collection":[{"href":"https:\/\/entretormentas.com\/index.php?rest_route=\/wp\/v2\/posts"}],"about":[{"href":"https:\/\/entretormentas.com\/index.php?rest_route=\/wp\/v2\/types\/post"}],"author":[{"embeddable":true,"href":"https:\/\/entretormentas.com\/index.php?rest_route=\/wp\/v2\/users\/2"}],"replies":[{"embeddable":true,"href":"https:\/\/entretormentas.com\/index.php?rest_route=%2Fwp%2Fv2%2Fcomments&post=12298"}],"version-history":[{"count":1,"href":"https:\/\/entretormentas.com\/index.php?rest_route=\/wp\/v2\/posts\/12298\/revisions"}],"predecessor-version":[{"id":12300,"href":"https:\/\/entretormentas.com\/index.php?rest_route=\/wp\/v2\/posts\/12298\/revisions\/12300"}],"wp:featuredmedia":[{"embeddable":true,"href":"https:\/\/entretormentas.com\/index.php?rest_route=\/wp\/v2\/media\/12299"}],"wp:attachment":[{"href":"https:\/\/entretormentas.com\/index.php?rest_route=%2Fwp%2Fv2%2Fmedia&parent=12298"}],"wp:term":[{"taxonomy":"category","embeddable":true,"href":"https:\/\/entretormentas.com\/index.php?rest_route=%2Fwp%2Fv2%2Fcategories&post=12298"},{"taxonomy":"post_tag","embeddable":true,"href":"https:\/\/entretormentas.com\/index.php?rest_route=%2Fwp%2Fv2%2Ftags&post=12298"}],"curies":[{"name":"wp","href":"https:\/\/api.w.org\/{rel}","templated":true}]}}