{"id":12301,"date":"2025-01-14T09:31:11","date_gmt":"2025-01-14T08:31:11","guid":{"rendered":"https:\/\/entretormentas.com\/?p=12301"},"modified":"2025-01-14T09:31:11","modified_gmt":"2025-01-14T08:31:11","slug":"a-traves-de-un-video-mcm-reafirma-que-nadie-los-detendra-en-su-objetivo-a-los-venezolanos","status":"publish","type":"post","link":"https:\/\/entretormentas.com\/a-traves-de-un-video-mcm-reafirma-que-nadie-los-detendra-en-su-objetivo-a-los-venezolanos\/","title":{"rendered":"\u00a1A TRAV\u00c9S DE UN VIDEO! MCM reafirma que \u201cnadie los detendr\u00e1\u201d en su objetivo a los venezolanos"},"content":{"rendered":"\n<p><strong>ENTRE TORMENTAS. <\/strong>La l\u00edder opositora venezolana, Mar\u00eda Corina Machado, ratific\u00f3 este lunes su compromiso con la lucha por la \u00ablibertad\u00bb de Venezuela, asegurando que \u201cnada ni nadie nos detendr\u00e1 hasta lograr nuestro objetivo\u201d.<\/p>\n\n\n\n<p>A trav\u00e9s de un mensaje en su cuenta en X, la dirigente expres\u00f3 su agradecimiento a los venezolanos y a los aliados internacionales que manifestaron su apoyo y confianza en las \u00faltimas horas.<\/p>\n\n\n\n<p>\u201cUstedes saben lo orgullosa que estoy de ser venezolana y de esta generaci\u00f3n. No ha habido otra mejor forjada y decidida a lograr la inmensa tarea de liberar a Venezuela. Mi reconocimiento es para cada venezolano, dentro y fuera de nuestro pa\u00eds, que ha entregado su vida y arriesgado su libertad por nuestra causa\u201d, escribi\u00f3.<\/p>\n\n\n\n<p>Adem\u00e1s, destac\u00f3 el esfuerzo colectivo para enfrentar lo que calific\u00f3 como la \u201cbarbarie de esta tiran\u00eda\u201d y subray\u00f3 que el trabajo realizado hasta ahora es \u201cextraordinario\u201d.<\/p>\n\n\n\n<p>La l\u00edder tambi\u00e9n lanz\u00f3 duras cr\u00edticas contra Nicol\u00e1s Maduro, calific\u00e1ndolo como un \u00abcriminal dictador\u00bb y asegurando que su gobierno est\u00e1 \u00abcompletamente aislado\u00bb.<\/p>\n\n\n\n<p>Seg\u00fan Machado, tanto los venezolanos como la comunidad internacional repudian al chavismo, afirmando que \u201ceso no tiene vuelta atr\u00e1s\u201d.<\/p>\n\n\n\n<p>Por \u00faltimo, la exdiputada asegur\u00f3 que a Maduro solo le queda \u201camenazar y mentir\u201d. \u201cLos venezolanos somos valientes, no pendejos\u201d, atiz\u00f3.<br><strong><em>ET \/ Versi\u00f3n Final<\/em><\/strong><\/p>\n","protected":false},"excerpt":{"rendered":"<p>ENTRE TORMENTAS. La l\u00edder opositora venezolana, Mar\u00eda Corina Machado, ratific\u00f3 este lunes su compromiso con&#8230;<\/p>\n","protected":false},"author":2,"featured_media":12302,"comment_status":"closed","ping_status":"open","sticky":false,"template":"","format":"standard","meta":{"footnotes":""},"categories":[56,49],"tags":[],"class_list":["post-12301","post","type-post","status-publish","format-standard","has-post-thumbnail","hentry","category-destacadas","category-nacionales"],"_links":{"self":[{"href":"https:\/\/entretormentas.com\/index.php?rest_route=\/wp\/v2\/posts\/12301","targetHints":{"allow":["GET"]}}],"collection":[{"href":"https:\/\/entretormentas.com\/index.php?rest_route=\/wp\/v2\/posts"}],"about":[{"href":"https:\/\/entretormentas.com\/index.php?rest_route=\/wp\/v2\/types\/post"}],"author":[{"embeddable":true,"href":"https:\/\/entretormentas.com\/index.php?rest_route=\/wp\/v2\/users\/2"}],"replies":[{"embeddable":true,"href":"https:\/\/entretormentas.com\/index.php?rest_route=%2Fwp%2Fv2%2Fcomments&post=12301"}],"version-history":[{"count":1,"href":"https:\/\/entretormentas.com\/index.php?rest_route=\/wp\/v2\/posts\/12301\/revisions"}],"predecessor-version":[{"id":12303,"href":"https:\/\/entretormentas.com\/index.php?rest_route=\/wp\/v2\/posts\/12301\/revisions\/12303"}],"wp:featuredmedia":[{"embeddable":true,"href":"https:\/\/entretormentas.com\/index.php?rest_route=\/wp\/v2\/media\/12302"}],"wp:attachment":[{"href":"https:\/\/entretormentas.com\/index.php?rest_route=%2Fwp%2Fv2%2Fmedia&parent=12301"}],"wp:term":[{"taxonomy":"category","embeddable":true,"href":"https:\/\/entretormentas.com\/index.php?rest_route=%2Fwp%2Fv2%2Fcategories&post=12301"},{"taxonomy":"post_tag","embeddable":true,"href":"https:\/\/entretormentas.com\/index.php?rest_route=%2Fwp%2Fv2%2Ftags&post=12301"}],"curies":[{"name":"wp","href":"https:\/\/api.w.org\/{rel}","templated":true}]}}