{"id":12310,"date":"2025-01-15T09:04:31","date_gmt":"2025-01-15T08:04:31","guid":{"rendered":"https:\/\/entretormentas.com\/?p=12310"},"modified":"2025-01-15T09:04:31","modified_gmt":"2025-01-15T08:04:31","slug":"en-san-francisco-instituto-publico-municipal-de-transporte-transito-culmina-el-2024-con-excelentes-resultados","status":"publish","type":"post","link":"https:\/\/entretormentas.com\/en-san-francisco-instituto-publico-municipal-de-transporte-transito-culmina-el-2024-con-excelentes-resultados\/","title":{"rendered":"\u00a1EN SAN FRANCISCO! Instituto P\u00fablico Municipal de Transporte Tr\u00e1nsito culmina el 2024 con excelentes resultados"},"content":{"rendered":"\n<p><strong>ENTRE TORMENTAS.<\/strong> La gesti\u00f3n del alcalde, Gustavo Fern\u00e1ndez, en materia de transporte tr\u00e1nsito y circulaci\u00f3n contin\u00faa avanzando brindando a la ciudadan\u00eda un municipio con un rostro renovado, vialidades rescatadas, iluminadas y se\u00f1alizadas.<\/p>\n\n\n\n<p>El equipo encabezado por Richard Monsalve, presidente del Instituto P\u00fablico Municipal de Transporte, Tr\u00e1nsito y Circulaci\u00f3n del Municipio San Francisco (IMTTC) de la mano con la direcci\u00f3n de Control y Fiscalizaci\u00f3n, trabaja d\u00eda a d\u00eda para garantizar el respeto y concientizaci\u00f3n de las normas establecidas en la Ley de Tr\u00e1nsito Terrestre.<\/p>\n\n\n\n<figure class=\"wp-block-image size-large\"><img fetchpriority=\"high\" decoding=\"async\" width=\"1024\" height=\"685\" src=\"https:\/\/entretormentas.com\/wp-content\/uploads\/2025\/01\/image-199-1024x685.png\" alt=\"\" class=\"wp-image-12312\" srcset=\"https:\/\/entretormentas.com\/wp-content\/uploads\/2025\/01\/image-199-1024x685.png 1024w, https:\/\/entretormentas.com\/wp-content\/uploads\/2025\/01\/image-199-300x201.png 300w, https:\/\/entretormentas.com\/wp-content\/uploads\/2025\/01\/image-199-768x514.png 768w, https:\/\/entretormentas.com\/wp-content\/uploads\/2025\/01\/image-199.png 1280w\" sizes=\"(max-width: 1024px) 100vw, 1024px\" \/><\/figure>\n\n\n\n<p>Agreg\u00f3 que distintos corredores viales han sido recuperados integralmente, a trav\u00e9s de reasfaltado y bacheo, con trabajos adem\u00e1s de iluminaci\u00f3n y se\u00f1alizaci\u00f3n para facilitar el tr\u00e1nsito vehicular y peatonal de propios y for\u00e1neos. Dijo adem\u00e1s que se dot\u00f3 de uniformes al personal oficial encargado de hacer cumplir las leyes, en beneficio de transportistas y usuarios.<\/p>\n\n\n\n<p>Este organismo p\u00fablico durante el 2024, implement\u00f3 numerosos operativos de educaci\u00f3n vial, con un equipo de oficiales capacitados, para crear conciencia y orientar a los llamados mototaxis sobre sobre la utilizaci\u00f3n del casco protector para \u00fanicamente 2 personas a bordo (piloto y copiloto) as\u00ed como tambi\u00e9n el respeto a los sem\u00e1foros y se\u00f1alizaciones viales, fomentando una cultura de empat\u00eda, respeto y conciencia por parte de todos.<\/p>\n\n\n\n<p>La Alcald\u00eda del municipio San Francisco realiza constantemente registros y estudios para la consolidaci\u00f3n de datos que ayuden a mejorar la eficiencia y calidad en el servicio del transporte p\u00fablico. Seg\u00fan los datos aportados existen 51 l\u00edneas, con un total de 301 transportistas registrados, cuyo tipo de combustible m\u00e1s usado es la gasolina, seguido del gasoil.<br><strong><em>ET \/ Alcald\u00eda de San Francisco<\/em><\/strong><\/p>\n","protected":false},"excerpt":{"rendered":"<p>ENTRE TORMENTAS. La gesti\u00f3n del alcalde, Gustavo Fern\u00e1ndez, en materia de transporte tr\u00e1nsito y circulaci\u00f3n&#8230;<\/p>\n","protected":false},"author":2,"featured_media":12311,"comment_status":"closed","ping_status":"open","sticky":false,"template":"","format":"standard","meta":{"footnotes":""},"categories":[57,1],"tags":[],"class_list":["post-12310","post","type-post","status-publish","format-standard","has-post-thumbnail","hentry","category-actualidad","category-regionales"],"_links":{"self":[{"href":"https:\/\/entretormentas.com\/index.php?rest_route=\/wp\/v2\/posts\/12310","targetHints":{"allow":["GET"]}}],"collection":[{"href":"https:\/\/entretormentas.com\/index.php?rest_route=\/wp\/v2\/posts"}],"about":[{"href":"https:\/\/entretormentas.com\/index.php?rest_route=\/wp\/v2\/types\/post"}],"author":[{"embeddable":true,"href":"https:\/\/entretormentas.com\/index.php?rest_route=\/wp\/v2\/users\/2"}],"replies":[{"embeddable":true,"href":"https:\/\/entretormentas.com\/index.php?rest_route=%2Fwp%2Fv2%2Fcomments&post=12310"}],"version-history":[{"count":1,"href":"https:\/\/entretormentas.com\/index.php?rest_route=\/wp\/v2\/posts\/12310\/revisions"}],"predecessor-version":[{"id":12313,"href":"https:\/\/entretormentas.com\/index.php?rest_route=\/wp\/v2\/posts\/12310\/revisions\/12313"}],"wp:featuredmedia":[{"embeddable":true,"href":"https:\/\/entretormentas.com\/index.php?rest_route=\/wp\/v2\/media\/12311"}],"wp:attachment":[{"href":"https:\/\/entretormentas.com\/index.php?rest_route=%2Fwp%2Fv2%2Fmedia&parent=12310"}],"wp:term":[{"taxonomy":"category","embeddable":true,"href":"https:\/\/entretormentas.com\/index.php?rest_route=%2Fwp%2Fv2%2Fcategories&post=12310"},{"taxonomy":"post_tag","embeddable":true,"href":"https:\/\/entretormentas.com\/index.php?rest_route=%2Fwp%2Fv2%2Ftags&post=12310"}],"curies":[{"name":"wp","href":"https:\/\/api.w.org\/{rel}","templated":true}]}}