{"id":12314,"date":"2025-01-15T09:07:03","date_gmt":"2025-01-15T08:07:03","guid":{"rendered":"https:\/\/entretormentas.com\/?p=12314"},"modified":"2025-01-15T09:07:03","modified_gmt":"2025-01-15T08:07:03","slug":"cuadrillas-del-ima-limpian-11-kilometros-de-via-en-corredores-guajira-y-curva-la-concepcion","status":"publish","type":"post","link":"https:\/\/entretormentas.com\/cuadrillas-del-ima-limpian-11-kilometros-de-via-en-corredores-guajira-y-curva-la-concepcion\/","title":{"rendered":"\u00a1CUADRILLAS DEL IMA! Limpian 11 kil\u00f3metros de v\u00eda en corredores Guajira y Curva-La Concepci\u00f3n"},"content":{"rendered":"\n<p><strong>ENTRE TORMENTAS. <\/strong>Con 55 trabajadores de barrido manual, la Alcald\u00eda de Maracaibo a trav\u00e9s del Instituto Municipal de Ambiente (IMA) se despleg\u00f3 a lo largo de los corredores viales 16 Guajira, en las parroquias Idelfonso V\u00e1squez y Juana de \u00c1vila; y Curva \u2013 La Concepci\u00f3n abarcando las parroquias Venancio Pulgar y Antonio Borjas Romero.<\/p>\n\n\n\n<p>Norberto Perozo, presidente del IMA, explic\u00f3 que en ambos corredores se ejecuta el barrido manual, adem\u00e1s, se est\u00e1n realizando trabajos de desmalezamiento y recolecci\u00f3n de desechos vegetales.<\/p>\n\n\n\n<p>Mencion\u00f3 que con la limpieza de islas centrales y las \u00e1reas laterales se recolectaron este 13 de enero 4.9 toneladas de desechos, lo que representa un avance del 45 por ciento en los trabajos que ser\u00e1n permanentes con la finalidad de sanear los 8,45 kil\u00f3metros del corredor vial 16 Guajira y los 3,62 kil\u00f3metros de Curva-La Concepci\u00f3n.<\/p>\n\n\n\n<figure class=\"wp-block-image size-large\"><img fetchpriority=\"high\" decoding=\"async\" width=\"1024\" height=\"768\" src=\"https:\/\/entretormentas.com\/wp-content\/uploads\/2025\/01\/image-201-1024x768.png\" alt=\"\" class=\"wp-image-12316\" srcset=\"https:\/\/entretormentas.com\/wp-content\/uploads\/2025\/01\/image-201-1024x768.png 1024w, https:\/\/entretormentas.com\/wp-content\/uploads\/2025\/01\/image-201-300x225.png 300w, https:\/\/entretormentas.com\/wp-content\/uploads\/2025\/01\/image-201-768x576.png 768w, https:\/\/entretormentas.com\/wp-content\/uploads\/2025\/01\/image-201.png 1080w\" sizes=\"(max-width: 1024px) 100vw, 1024px\" \/><\/figure>\n\n\n\n<p>\u201cNuestros ambientalistas estar\u00e1n realizando las labores permanentemente hasta lograr as\u00ed el 100 % del trabajo\u201d, destac\u00f3 el presidente del IMA.<\/p>\n\n\n\n<p>Alejandra Pereira, de 64 a\u00f1os, habitante del conjunto residencial El Cuj\u00ed, en Idelfonso V\u00e1squez, expres\u00f3 satisfacci\u00f3n por el hecho que se est\u00e9n realizando los trabajos de limpieza en la zona. \u201cEstos trabajos demuestran el trabajo constante de limpieza que realiza la Alcald\u00eda de Maracaibo\u201d.<\/p>\n\n\n\n<p>Cristina Torres, de 38 a\u00f1os, residenciada en la urbanizaci\u00f3n La Lagunita, resalt\u00f3: \u201cCon esta limpieza que est\u00e1 realizando la Alcald\u00eda le cambia la cara a este corredor. Siempre ten\u00eda basura, ya que hay muchos ciudadanos inconscientes que prefieren lanzarla en cualquier lado. Es bueno saber que el oeste tiene el apoyo de la Alcald\u00eda de Maracaibo\u201d.<\/p>\n\n\n\n<p>Estos trabajos forman parte del Plan de Desmalezamiento que impulsa la municipalidad por medio del IMA en los corredores viales, las principales calles y avenidas de la capital zuliana.<br><strong><em>ET \/ DCI Alcald\u00eda de Maracaibo<\/em><\/strong><\/p>\n\n\n\n<p><\/p>\n","protected":false},"excerpt":{"rendered":"<p>ENTRE TORMENTAS. Con 55 trabajadores de barrido manual, la Alcald\u00eda de Maracaibo a trav\u00e9s del&#8230;<\/p>\n","protected":false},"author":2,"featured_media":12315,"comment_status":"closed","ping_status":"open","sticky":false,"template":"","format":"standard","meta":{"footnotes":""},"categories":[57,1],"tags":[],"class_list":["post-12314","post","type-post","status-publish","format-standard","has-post-thumbnail","hentry","category-actualidad","category-regionales"],"_links":{"self":[{"href":"https:\/\/entretormentas.com\/index.php?rest_route=\/wp\/v2\/posts\/12314","targetHints":{"allow":["GET"]}}],"collection":[{"href":"https:\/\/entretormentas.com\/index.php?rest_route=\/wp\/v2\/posts"}],"about":[{"href":"https:\/\/entretormentas.com\/index.php?rest_route=\/wp\/v2\/types\/post"}],"author":[{"embeddable":true,"href":"https:\/\/entretormentas.com\/index.php?rest_route=\/wp\/v2\/users\/2"}],"replies":[{"embeddable":true,"href":"https:\/\/entretormentas.com\/index.php?rest_route=%2Fwp%2Fv2%2Fcomments&post=12314"}],"version-history":[{"count":1,"href":"https:\/\/entretormentas.com\/index.php?rest_route=\/wp\/v2\/posts\/12314\/revisions"}],"predecessor-version":[{"id":12317,"href":"https:\/\/entretormentas.com\/index.php?rest_route=\/wp\/v2\/posts\/12314\/revisions\/12317"}],"wp:featuredmedia":[{"embeddable":true,"href":"https:\/\/entretormentas.com\/index.php?rest_route=\/wp\/v2\/media\/12315"}],"wp:attachment":[{"href":"https:\/\/entretormentas.com\/index.php?rest_route=%2Fwp%2Fv2%2Fmedia&parent=12314"}],"wp:term":[{"taxonomy":"category","embeddable":true,"href":"https:\/\/entretormentas.com\/index.php?rest_route=%2Fwp%2Fv2%2Fcategories&post=12314"},{"taxonomy":"post_tag","embeddable":true,"href":"https:\/\/entretormentas.com\/index.php?rest_route=%2Fwp%2Fv2%2Ftags&post=12314"}],"curies":[{"name":"wp","href":"https:\/\/api.w.org\/{rel}","templated":true}]}}