{"id":12322,"date":"2025-01-15T09:12:27","date_gmt":"2025-01-15T08:12:27","guid":{"rendered":"https:\/\/entretormentas.com\/?p=12322"},"modified":"2025-01-15T09:12:27","modified_gmt":"2025-01-15T08:12:27","slug":"en-corredores-viales-alcaldia-de-maracaibo-recoge-480-toneladas-de-desechos-diariamente","status":"publish","type":"post","link":"https:\/\/entretormentas.com\/en-corredores-viales-alcaldia-de-maracaibo-recoge-480-toneladas-de-desechos-diariamente\/","title":{"rendered":"\u00a1EN CORREDORES VIALES! Alcald\u00eda de Maracaibo recoge 480 toneladas de desechos diariamente"},"content":{"rendered":"\n<p><strong>ENTRE TORMENTAS. <\/strong>Seis gandolas de 20 toneladas recorren diariamente los principales corredores viales comerciales y residenciales de la ciudad, recolectando los desechos s\u00f3lidos generados por los comercios. Esto como parte del esfuerzo continuo de la Alcald\u00eda de Maracaibo por mantener la ciudad limpia y verde.<\/p>\n\n\n\n<p>Las labores de recolecci\u00f3n dentro del Despliegue de Atenci\u00f3n Integral se cumplen adem\u00e1s con 40 compactadores y 5 m\u00e1quinas con volteos que hacen cuatro viajes diariamente en los m\u00e1s de 20 corredores viales con los que cuenta Maracaibo, entre ellos:<\/p>\n\n\n\n<p>Avenida Universidad, Haticos por arriba y Haticos por abajo, Circunvalaci\u00f3n 2, Prolongaci\u00f3n C2, Sabaneta, v\u00eda el Aeropuerto, Las Delicias, Fuerzas Armadas, La Limpia, Padilla, El Milagro, Milagro Norte, Bella Vista, 5 de Julio, calle 78 y 79, avenida 8 Santa Rita, Cecilio Acosta, Tierra Negra, Calle 82, Calle 85 Falc\u00f3n y el corredor Amparo &#8211; Las Lomas, donde se han observado mayor acumulaci\u00f3n de desechos.<\/p>\n\n\n\n<figure class=\"wp-block-image size-large\"><img fetchpriority=\"high\" decoding=\"async\" width=\"1024\" height=\"682\" src=\"https:\/\/entretormentas.com\/wp-content\/uploads\/2025\/01\/image-205-1024x682.png\" alt=\"\" class=\"wp-image-12324\" srcset=\"https:\/\/entretormentas.com\/wp-content\/uploads\/2025\/01\/image-205-1024x682.png 1024w, https:\/\/entretormentas.com\/wp-content\/uploads\/2025\/01\/image-205-300x200.png 300w, https:\/\/entretormentas.com\/wp-content\/uploads\/2025\/01\/image-205-768x511.png 768w, https:\/\/entretormentas.com\/wp-content\/uploads\/2025\/01\/image-205.png 1280w\" sizes=\"(max-width: 1024px) 100vw, 1024px\" \/><\/figure>\n\n\n\n<p>Adri\u00e1n Romero Mart\u00ednez, alcalde encargado de Maracaibo, destac\u00f3 la importancia de esta iniciativa, durante la inspecci\u00f3n de recolecci\u00f3n en seis puntos de la ciudad, realizada la noche del mi\u00e9rcoles 8 de enero del 2025. Se\u00f1al\u00f3 que mantener las calles limpias es una \u201cprioridad para la gesti\u00f3n\u201d. \u201cCon este operativo diario, estamos mejorando la calidad de vida de nuestros ciudadanos y proyectando una imagen m\u00e1s positiva de nuestra ciudad. Durante todo el d\u00eda de hoy hemos recolectado mil 800 toneladas entre los diversos corredores viales y la recolecci\u00f3n domiciliaria que corresponde en las parroquias Manuel Dagnino, Juana de \u00c1vila y Chiquinquir\u00e1\u201d.<\/p>\n\n\n\n<p>Asimismo, detall\u00f3 que gracias a la labor de los ambientalistas y la maquinaria se ha logrado reducir significativamente la cantidad de desechos en las zonas. \u201cNuestros ambientalistas tanto del IMAU, como del Instituto Municipal del Ambiente, est\u00e1n d\u00eda y noche en las calles optimizando las operaciones para que la ciudad se mantenga en orden, es por eso que les pido a los marabinos que esperen el cami\u00f3n del aseo el d\u00eda que les corresponda a sus comunidades\u201d.<\/p>\n\n\n\n<p>Por su parte, Marcos Rivero, presidente del IMAU, exhort\u00f3 a los ciudadanos a evitar crear acumulaciones de desechos en las v\u00edas p\u00fablicas y respetar el cronograma de recolecci\u00f3n diaria en los corredores viales y bisemanal en las calles y sectores de las 18 parroquias de la ciudad. \u201cLes hacemos el llamado de respetar el cronograma de recolecci\u00f3n como lo han hecho desde que el alcalde Rafael Ram\u00edrez Colina, anunci\u00f3 los cronogramas de recolecci\u00f3n en la ciudad. Esperen el cami\u00f3n en su parroquia, a\u00fan m\u00e1s en las ocho donde existe una frecuencia bisemanal. Evitemos dejar los desechos expuestos en las calles\u201d.<br><strong><em>ET \/ DCI Alcald\u00eda de Maracaibo<\/em><\/strong><\/p>\n","protected":false},"excerpt":{"rendered":"<p>ENTRE TORMENTAS. Seis gandolas de 20 toneladas recorren diariamente los principales corredores viales comerciales y&#8230;<\/p>\n","protected":false},"author":2,"featured_media":12323,"comment_status":"closed","ping_status":"open","sticky":false,"template":"","format":"standard","meta":{"footnotes":""},"categories":[57,1],"tags":[],"class_list":["post-12322","post","type-post","status-publish","format-standard","has-post-thumbnail","hentry","category-actualidad","category-regionales"],"_links":{"self":[{"href":"https:\/\/entretormentas.com\/index.php?rest_route=\/wp\/v2\/posts\/12322","targetHints":{"allow":["GET"]}}],"collection":[{"href":"https:\/\/entretormentas.com\/index.php?rest_route=\/wp\/v2\/posts"}],"about":[{"href":"https:\/\/entretormentas.com\/index.php?rest_route=\/wp\/v2\/types\/post"}],"author":[{"embeddable":true,"href":"https:\/\/entretormentas.com\/index.php?rest_route=\/wp\/v2\/users\/2"}],"replies":[{"embeddable":true,"href":"https:\/\/entretormentas.com\/index.php?rest_route=%2Fwp%2Fv2%2Fcomments&post=12322"}],"version-history":[{"count":1,"href":"https:\/\/entretormentas.com\/index.php?rest_route=\/wp\/v2\/posts\/12322\/revisions"}],"predecessor-version":[{"id":12325,"href":"https:\/\/entretormentas.com\/index.php?rest_route=\/wp\/v2\/posts\/12322\/revisions\/12325"}],"wp:featuredmedia":[{"embeddable":true,"href":"https:\/\/entretormentas.com\/index.php?rest_route=\/wp\/v2\/media\/12323"}],"wp:attachment":[{"href":"https:\/\/entretormentas.com\/index.php?rest_route=%2Fwp%2Fv2%2Fmedia&parent=12322"}],"wp:term":[{"taxonomy":"category","embeddable":true,"href":"https:\/\/entretormentas.com\/index.php?rest_route=%2Fwp%2Fv2%2Fcategories&post=12322"},{"taxonomy":"post_tag","embeddable":true,"href":"https:\/\/entretormentas.com\/index.php?rest_route=%2Fwp%2Fv2%2Ftags&post=12322"}],"curies":[{"name":"wp","href":"https:\/\/api.w.org\/{rel}","templated":true}]}}