{"id":12326,"date":"2025-01-15T09:14:32","date_gmt":"2025-01-15T08:14:32","guid":{"rendered":"https:\/\/entretormentas.com\/?p=12326"},"modified":"2025-01-15T09:14:32","modified_gmt":"2025-01-15T08:14:32","slug":"tras-varios-meses-bloqueada-cne-trabaja-para-reactivar-su-pagina-web","status":"publish","type":"post","link":"https:\/\/entretormentas.com\/tras-varios-meses-bloqueada-cne-trabaja-para-reactivar-su-pagina-web\/","title":{"rendered":"\u00a1TRAS VARIOS MESES BLOQUEADA! CNE trabaja para reactivar su p\u00e1gina web"},"content":{"rendered":"\n<p><strong>ENTRE TORMENTAS.<\/strong> El rector del Consejo Nacional Electoral (CNE), Conrado P\u00e9rez, inform\u00f3 que el organismo est\u00e1 trabajando para restablecer su p\u00e1gina web y que sus servicios digitales est\u00e9n disponibles para los venezolanos pr\u00f3ximamente.<\/p>\n\n\n\n<p>\u00abMe consta que el presidente y el vicepresidente tienen toda la disposici\u00f3n de poner al servicio la p\u00e1gina del CNE y as\u00ed se har\u00e1 pr\u00f3ximamente\u00bb, declar\u00f3 P\u00e9rez en una entrevista concedida a Globovisi\u00f3n, en la que indic\u00f3 que esa tarea se concretar\u00e1 mediante un especializado equipo t\u00e9cnico.<\/p>\n\n\n\n<p>La plataforma del CNE sufri\u00f3 ataques que fueron catalogados como de denegaci\u00f3n de servicio, una t\u00e1ctica que busca inundar los enlaces de telecomunicaciones y dificultar el acceso a la p\u00e1gina digital del organismo electoral, de acuerdo con Venezolana de Televisi\u00f3n (VTV).<\/p>\n\n\n\n<p>Afirm\u00f3 adem\u00e1s que un an\u00e1lisis detallado revel\u00f3 que las ofensivas se originaron desde direcciones IP localizadas fuera de territorio venezolano.<\/p>\n\n\n\n<p>Asimismo, el medio destac\u00f3 que los ataques a la plataforma del Poder Electoral se realizaron el 28 de julio, d\u00eda en el que se celebraron las elecciones presidenciales, as\u00ed como el 30 de ese mismo mes.<br><strong><em>ET \/ Diario 2001<\/em><\/strong><\/p>\n","protected":false},"excerpt":{"rendered":"<p>ENTRE TORMENTAS. El rector del Consejo Nacional Electoral (CNE), Conrado P\u00e9rez, inform\u00f3 que el organismo&#8230;<\/p>\n","protected":false},"author":2,"featured_media":12327,"comment_status":"closed","ping_status":"open","sticky":false,"template":"","format":"standard","meta":{"footnotes":""},"categories":[49],"tags":[],"class_list":["post-12326","post","type-post","status-publish","format-standard","has-post-thumbnail","hentry","category-nacionales"],"_links":{"self":[{"href":"https:\/\/entretormentas.com\/index.php?rest_route=\/wp\/v2\/posts\/12326","targetHints":{"allow":["GET"]}}],"collection":[{"href":"https:\/\/entretormentas.com\/index.php?rest_route=\/wp\/v2\/posts"}],"about":[{"href":"https:\/\/entretormentas.com\/index.php?rest_route=\/wp\/v2\/types\/post"}],"author":[{"embeddable":true,"href":"https:\/\/entretormentas.com\/index.php?rest_route=\/wp\/v2\/users\/2"}],"replies":[{"embeddable":true,"href":"https:\/\/entretormentas.com\/index.php?rest_route=%2Fwp%2Fv2%2Fcomments&post=12326"}],"version-history":[{"count":1,"href":"https:\/\/entretormentas.com\/index.php?rest_route=\/wp\/v2\/posts\/12326\/revisions"}],"predecessor-version":[{"id":12328,"href":"https:\/\/entretormentas.com\/index.php?rest_route=\/wp\/v2\/posts\/12326\/revisions\/12328"}],"wp:featuredmedia":[{"embeddable":true,"href":"https:\/\/entretormentas.com\/index.php?rest_route=\/wp\/v2\/media\/12327"}],"wp:attachment":[{"href":"https:\/\/entretormentas.com\/index.php?rest_route=%2Fwp%2Fv2%2Fmedia&parent=12326"}],"wp:term":[{"taxonomy":"category","embeddable":true,"href":"https:\/\/entretormentas.com\/index.php?rest_route=%2Fwp%2Fv2%2Fcategories&post=12326"},{"taxonomy":"post_tag","embeddable":true,"href":"https:\/\/entretormentas.com\/index.php?rest_route=%2Fwp%2Fv2%2Ftags&post=12326"}],"curies":[{"name":"wp","href":"https:\/\/api.w.org\/{rel}","templated":true}]}}