{"id":12329,"date":"2025-01-15T09:16:16","date_gmt":"2025-01-15T08:16:16","guid":{"rendered":"https:\/\/entretormentas.com\/?p=12329"},"modified":"2025-01-15T09:16:16","modified_gmt":"2025-01-15T08:16:16","slug":"antes-de-dejar-el-cargo-biden-retira-a-cuba-de-la-lista-de-paises-que-promueven-el-terrorismo","status":"publish","type":"post","link":"https:\/\/entretormentas.com\/antes-de-dejar-el-cargo-biden-retira-a-cuba-de-la-lista-de-paises-que-promueven-el-terrorismo\/","title":{"rendered":"\u00a1ANTES DE DEJAR EL CARGO! Biden retira a Cuba de la lista de pa\u00edses que promueven el terrorismo"},"content":{"rendered":"\n<p><strong>ENTRE TORMENTAS. <\/strong>El presidente de Estados Unidos, Joe Biden, retir\u00f3 este martes a Cuba de la lista de pa\u00edses que promueven el terrorismo, a menos de una semana de ser relevado por Donald Trump, quien en su primer mandato coloc\u00f3 a la isla en ese listado que conlleva severas sanciones.<\/p>\n\n\n\n<p>Biden tom\u00f3 esta decisi\u00f3n para propiciar la liberaci\u00f3n pr\u00f3ximamente de varios presos cubanos como parte de un proceso que cuenta con la mediaci\u00f3n del Vaticano, informaron a la prensa altos cargos de la Administraci\u00f3n estadounidense.<\/p>\n\n\n\n<p>El mandatario saliente suspendi\u00f3 tambi\u00e9n la capacidad de los ciudadanos estadounidenses de demandar en tribunales de Estados Unidos la expropiaci\u00f3n de sus propiedades en Cuba y levant\u00f3 algunas sanciones financieras, detalla EFE.<\/p>\n\n\n\n<p>Como resultado de estas acciones, la Casa Blanca anticip\u00f3 que \u00aben relativamente poco tiempo\u00bb se producir\u00e1 la liberaci\u00f3n de un n\u00famero \u00absignificativo\u00bb de presos en Cuba, incluidas personas que participaron en las protestas del 11 de julio de 2021.<\/p>\n\n\n\n<p>Fuentes de la Administraci\u00f3n de Biden explicaron que han recibido en los \u00faltimos a\u00f1os peticiones de varios socios, como la Uni\u00f3n Europea (UE), Espa\u00f1a, Brasil, Colombia, Chile y Canad\u00e1, para retirar a Cuba de la lista de pa\u00edses que promueven el terrorismo.<\/p>\n\n\n\n<p>La inclusi\u00f3n de Cuba en el listado en enero de 2021 fue una de las \u00faltimas decisiones que tom\u00f3 el republicano Donald Trump antes de dejar el poder en su primer mandato.<\/p>\n\n\n\n<p>Estados Unidos justific\u00f3 entonces la medida aludiendo a la presencia en la isla de miembros de la guerrilla colombiana del Ej\u00e9rcito de Liberaci\u00f3n Nacional (ELN), que viajaron a La Habana para iniciar negociaciones de paz con el Gobierno de Colombia.<br><strong><em>ET \/ EFE<\/em><\/strong><\/p>\n","protected":false},"excerpt":{"rendered":"<p>ENTRE TORMENTAS. El presidente de Estados Unidos, Joe Biden, retir\u00f3 este martes a Cuba de&#8230;<\/p>\n","protected":false},"author":2,"featured_media":12330,"comment_status":"closed","ping_status":"open","sticky":false,"template":"","format":"standard","meta":{"footnotes":""},"categories":[48],"tags":[],"class_list":["post-12329","post","type-post","status-publish","format-standard","has-post-thumbnail","hentry","category-internacionales"],"_links":{"self":[{"href":"https:\/\/entretormentas.com\/index.php?rest_route=\/wp\/v2\/posts\/12329","targetHints":{"allow":["GET"]}}],"collection":[{"href":"https:\/\/entretormentas.com\/index.php?rest_route=\/wp\/v2\/posts"}],"about":[{"href":"https:\/\/entretormentas.com\/index.php?rest_route=\/wp\/v2\/types\/post"}],"author":[{"embeddable":true,"href":"https:\/\/entretormentas.com\/index.php?rest_route=\/wp\/v2\/users\/2"}],"replies":[{"embeddable":true,"href":"https:\/\/entretormentas.com\/index.php?rest_route=%2Fwp%2Fv2%2Fcomments&post=12329"}],"version-history":[{"count":1,"href":"https:\/\/entretormentas.com\/index.php?rest_route=\/wp\/v2\/posts\/12329\/revisions"}],"predecessor-version":[{"id":12331,"href":"https:\/\/entretormentas.com\/index.php?rest_route=\/wp\/v2\/posts\/12329\/revisions\/12331"}],"wp:featuredmedia":[{"embeddable":true,"href":"https:\/\/entretormentas.com\/index.php?rest_route=\/wp\/v2\/media\/12330"}],"wp:attachment":[{"href":"https:\/\/entretormentas.com\/index.php?rest_route=%2Fwp%2Fv2%2Fmedia&parent=12329"}],"wp:term":[{"taxonomy":"category","embeddable":true,"href":"https:\/\/entretormentas.com\/index.php?rest_route=%2Fwp%2Fv2%2Fcategories&post=12329"},{"taxonomy":"post_tag","embeddable":true,"href":"https:\/\/entretormentas.com\/index.php?rest_route=%2Fwp%2Fv2%2Ftags&post=12329"}],"curies":[{"name":"wp","href":"https:\/\/api.w.org\/{rel}","templated":true}]}}