{"id":12332,"date":"2025-01-15T09:19:26","date_gmt":"2025-01-15T08:19:26","guid":{"rendered":"https:\/\/entretormentas.com\/?p=12332"},"modified":"2025-01-15T09:19:26","modified_gmt":"2025-01-15T08:19:26","slug":"devocion-desbordada-arzobispo-de-barquisimeto-afirmo-que-no-podemos-quedarnos-paralizados-en-el-miedo","status":"publish","type":"post","link":"https:\/\/entretormentas.com\/devocion-desbordada-arzobispo-de-barquisimeto-afirmo-que-no-podemos-quedarnos-paralizados-en-el-miedo\/","title":{"rendered":"\u00a1DEVOCI\u00d3N DESBORDADA! Arzobispo de Barquisimeto afirm\u00f3 que \u00abno podemos quedarnos paralizados en el miedo\u00bb"},"content":{"rendered":"\n<p><strong>ENTRE TORMENTAS. <\/strong>El arzobispo de Barquisimeto, monse\u00f1or Polito Rodr\u00edguez M\u00e9ndez, llam\u00f3 este martes a los venezolanos a no paralizarse ante \u00abel miedo, la tristeza o el desaliento\u00bb.<\/p>\n\n\n\n<p>Durante la homil\u00eda en la misa por la visita 167 de la Divina Pastora, monse\u00f1or Rodr\u00edguez M\u00e9ndez llam\u00f3 a \u00abrenovar la esperanza\u00bb.<\/p>\n\n\n\n<figure class=\"wp-block-image size-full\"><img fetchpriority=\"high\" decoding=\"async\" width=\"860\" height=\"484\" src=\"https:\/\/entretormentas.com\/wp-content\/uploads\/2025\/01\/image-209.png\" alt=\"\" class=\"wp-image-12334\" srcset=\"https:\/\/entretormentas.com\/wp-content\/uploads\/2025\/01\/image-209.png 860w, https:\/\/entretormentas.com\/wp-content\/uploads\/2025\/01\/image-209-300x169.png 300w, https:\/\/entretormentas.com\/wp-content\/uploads\/2025\/01\/image-209-768x432.png 768w\" sizes=\"(max-width: 860px) 100vw, 860px\" \/><\/figure>\n\n\n\n<p>\u00abAunque la incerteza ante el futuro haga surgir en nosotros a menudo sentimientos contrapuestos, como la confianza y el temor, la serenidad y el desaliento, la certeza y la duda, estamos en un tiempo privilegiado para reavivar la esperanza\u00bb, dijo.<\/p>\n\n\n\n<p><strong>PROCESI\u00d3N DE FE EN BARQUISIMETO<\/strong><br>La ciudad de Barquisimeto celebr\u00f3 este martes la 167a edici\u00f3n de la peregrinaci\u00f3n de la Divina Pastora, una de las manifestaciones marianas m\u00e1s grandes de Latinoam\u00e9rica.<\/p>\n\n\n\n<p>Bajo el eslogan \u00abCon Mar\u00eda participamos todos\u00bb, miles de fel\u00edgreses se reunieron para acompa\u00f1ar a la imagen en su recorrido desde el pueblo de Santa Rosa hasta la Catedral de Barquisimeto, desde all\u00ed comenz\u00f3 su recorrido por las diferentes vicar\u00edas y parroquias de la capital larense.<\/p>\n\n\n\n<p>La solemne misa de salida, presidida por Monse\u00f1or Polito Rodr\u00edguez, tuvo lugar a las 10:00 AM en la iglesia de Santa Rosa. La procesi\u00f3n abarc\u00f3 un recorrido de 7.5 kil\u00f3metros, durante el cual la Divina Pastora hizo una breve parada en la Plaza Macario Yepez.<\/p>\n\n\n\n<figure class=\"wp-block-image size-large\"><img decoding=\"async\" width=\"1024\" height=\"768\" src=\"https:\/\/entretormentas.com\/wp-content\/uploads\/2025\/01\/image-210-1024x768.png\" alt=\"\" class=\"wp-image-12335\" srcset=\"https:\/\/entretormentas.com\/wp-content\/uploads\/2025\/01\/image-210-1024x768.png 1024w, https:\/\/entretormentas.com\/wp-content\/uploads\/2025\/01\/image-210-300x225.png 300w, https:\/\/entretormentas.com\/wp-content\/uploads\/2025\/01\/image-210-768x576.png 768w, https:\/\/entretormentas.com\/wp-content\/uploads\/2025\/01\/image-210.png 1080w\" sizes=\"(max-width: 1024px) 100vw, 1024px\" \/><\/figure>\n\n\n\n<p>En este lugar, personalidades de la Universidad Centroccidental Lisandro Alvarado (UCLA) y la orquesta Mavarez rindieron un homenaje.<\/p>\n\n\n\n<p>La Divina Pastora lleg\u00f3 a la Catedral de Barquisimeto entre cerca de las 6:00 de la tarde. A lo largo del recorrido, los feligreses aprovecharon la oportunidad para realizar sus peticiones y acompa\u00f1ar a la venerada imagen, renovando su fe y devoci\u00f3n en un ambiente de profundo amor y espiritualidad.<br><strong><em>ET \/ Noticias Barquisimeto<\/em><\/strong><\/p>\n","protected":false},"excerpt":{"rendered":"<p>ENTRE TORMENTAS. El arzobispo de Barquisimeto, monse\u00f1or Polito Rodr\u00edguez M\u00e9ndez, llam\u00f3 este martes a los&#8230;<\/p>\n","protected":false},"author":2,"featured_media":12333,"comment_status":"closed","ping_status":"open","sticky":false,"template":"","format":"standard","meta":{"footnotes":""},"categories":[56,49],"tags":[],"class_list":["post-12332","post","type-post","status-publish","format-standard","has-post-thumbnail","hentry","category-destacadas","category-nacionales"],"_links":{"self":[{"href":"https:\/\/entretormentas.com\/index.php?rest_route=\/wp\/v2\/posts\/12332","targetHints":{"allow":["GET"]}}],"collection":[{"href":"https:\/\/entretormentas.com\/index.php?rest_route=\/wp\/v2\/posts"}],"about":[{"href":"https:\/\/entretormentas.com\/index.php?rest_route=\/wp\/v2\/types\/post"}],"author":[{"embeddable":true,"href":"https:\/\/entretormentas.com\/index.php?rest_route=\/wp\/v2\/users\/2"}],"replies":[{"embeddable":true,"href":"https:\/\/entretormentas.com\/index.php?rest_route=%2Fwp%2Fv2%2Fcomments&post=12332"}],"version-history":[{"count":1,"href":"https:\/\/entretormentas.com\/index.php?rest_route=\/wp\/v2\/posts\/12332\/revisions"}],"predecessor-version":[{"id":12336,"href":"https:\/\/entretormentas.com\/index.php?rest_route=\/wp\/v2\/posts\/12332\/revisions\/12336"}],"wp:featuredmedia":[{"embeddable":true,"href":"https:\/\/entretormentas.com\/index.php?rest_route=\/wp\/v2\/media\/12333"}],"wp:attachment":[{"href":"https:\/\/entretormentas.com\/index.php?rest_route=%2Fwp%2Fv2%2Fmedia&parent=12332"}],"wp:term":[{"taxonomy":"category","embeddable":true,"href":"https:\/\/entretormentas.com\/index.php?rest_route=%2Fwp%2Fv2%2Fcategories&post=12332"},{"taxonomy":"post_tag","embeddable":true,"href":"https:\/\/entretormentas.com\/index.php?rest_route=%2Fwp%2Fv2%2Ftags&post=12332"}],"curies":[{"name":"wp","href":"https:\/\/api.w.org\/{rel}","templated":true}]}}