{"id":12337,"date":"2025-01-15T09:20:59","date_gmt":"2025-01-15T08:20:59","guid":{"rendered":"https:\/\/entretormentas.com\/?p=12337"},"modified":"2025-01-15T09:20:59","modified_gmt":"2025-01-15T08:20:59","slug":"recorrido-diplomatico-edmundo-gonzalez-arriba-a-guatemala-en-la-continuidad-de-su-gira-por-america","status":"publish","type":"post","link":"https:\/\/entretormentas.com\/recorrido-diplomatico-edmundo-gonzalez-arriba-a-guatemala-en-la-continuidad-de-su-gira-por-america\/","title":{"rendered":"\u00a1RECORRIDO DIPLOM\u00c1TICO! Edmundo Gonz\u00e1lez arriba a Guatemala en la continuidad de su gira por Am\u00e9rica"},"content":{"rendered":"\n<p><strong>ENTRE TORMENTAS. <\/strong>El l\u00edder venezolano Edmundo Gonz\u00e1lez Urrutia, arrib\u00f3 este martes a Guatemala como parte de una gira que lleva a cabo por Am\u00e9rica, rese\u00f1a Mundo UR.<\/p>\n\n\n\n<p>Procedente de Rep\u00fablica Dominicana, Gonz\u00e1lez Urrutia aterriz\u00f3 al filo de las 14:30 hora local (20:30 GMT) en el aeropuerto internacional La Aurora en Ciudad de Guatemala, donde se reunir\u00e1 este mi\u00e9rcoles con el mandatario guatemalteco, Bernardo Ar\u00e9valo de Le\u00f3n, seg\u00fan confirmaron oficiales.<br><strong><em>ET \/ Agencias<\/em><\/strong><\/p>\n","protected":false},"excerpt":{"rendered":"<p>ENTRE TORMENTAS. El l\u00edder venezolano Edmundo Gonz\u00e1lez Urrutia, arrib\u00f3 este martes a Guatemala como parte&#8230;<\/p>\n","protected":false},"author":2,"featured_media":12338,"comment_status":"closed","ping_status":"open","sticky":false,"template":"","format":"standard","meta":{"footnotes":""},"categories":[56,48],"tags":[],"class_list":["post-12337","post","type-post","status-publish","format-standard","has-post-thumbnail","hentry","category-destacadas","category-internacionales"],"_links":{"self":[{"href":"https:\/\/entretormentas.com\/index.php?rest_route=\/wp\/v2\/posts\/12337","targetHints":{"allow":["GET"]}}],"collection":[{"href":"https:\/\/entretormentas.com\/index.php?rest_route=\/wp\/v2\/posts"}],"about":[{"href":"https:\/\/entretormentas.com\/index.php?rest_route=\/wp\/v2\/types\/post"}],"author":[{"embeddable":true,"href":"https:\/\/entretormentas.com\/index.php?rest_route=\/wp\/v2\/users\/2"}],"replies":[{"embeddable":true,"href":"https:\/\/entretormentas.com\/index.php?rest_route=%2Fwp%2Fv2%2Fcomments&post=12337"}],"version-history":[{"count":1,"href":"https:\/\/entretormentas.com\/index.php?rest_route=\/wp\/v2\/posts\/12337\/revisions"}],"predecessor-version":[{"id":12339,"href":"https:\/\/entretormentas.com\/index.php?rest_route=\/wp\/v2\/posts\/12337\/revisions\/12339"}],"wp:featuredmedia":[{"embeddable":true,"href":"https:\/\/entretormentas.com\/index.php?rest_route=\/wp\/v2\/media\/12338"}],"wp:attachment":[{"href":"https:\/\/entretormentas.com\/index.php?rest_route=%2Fwp%2Fv2%2Fmedia&parent=12337"}],"wp:term":[{"taxonomy":"category","embeddable":true,"href":"https:\/\/entretormentas.com\/index.php?rest_route=%2Fwp%2Fv2%2Fcategories&post=12337"},{"taxonomy":"post_tag","embeddable":true,"href":"https:\/\/entretormentas.com\/index.php?rest_route=%2Fwp%2Fv2%2Ftags&post=12337"}],"curies":[{"name":"wp","href":"https:\/\/api.w.org\/{rel}","templated":true}]}}