{"id":12340,"date":"2025-01-15T09:22:43","date_gmt":"2025-01-15T08:22:43","guid":{"rendered":"https:\/\/entretormentas.com\/?p=12340"},"modified":"2025-01-15T09:22:43","modified_gmt":"2025-01-15T08:22:43","slug":"todos-presentes-an-se-reune-con-37-partidos-politicos-para-tratar-el-cronograma-electoral-de-2025","status":"publish","type":"post","link":"https:\/\/entretormentas.com\/todos-presentes-an-se-reune-con-37-partidos-politicos-para-tratar-el-cronograma-electoral-de-2025\/","title":{"rendered":"\u00a1TODOS PRESENTES! AN se re\u00fane con 37 partidos pol\u00edticos para tratar el cronograma electoral de 2025"},"content":{"rendered":"\n<p><strong>ENTRE TORMENTAS. <\/strong>En el Palacio Federal Legislativo se realiz\u00f3 este martes un encuentro entre los parlamentarios y representantes de los 37 partidos pol\u00edticos con el objetivo de elaborar el cronograma electoral para el presente a\u00f1o 2025.<\/p>\n\n\n\n<p>En la actividad estuvieron presente tambi\u00e9n el gobernador del estado Cojedes, Alberto Gal\u00edndez; el gobernador del estado Barinas, Sergio Garrido; el secretario de gobierno del Zulia, Juan Barboza, en representaci\u00f3n del gobernador Manuel Rosales; y el secretario de gobierno del estado Nueva Esparta, en representaci\u00f3n del gobernador Morel Rodr\u00edguez.<\/p>\n\n\n\n<p>El presidente de la Asamblea Nacional, Jorge Rodr\u00edguez, resalt\u00f3 que se est\u00e1 en presencia de un a\u00f1o nutrido en materia de elecciones.<\/p>\n\n\n\n<p>\u00abEstuvimos todas y todos. No hubo absolutamente ni uno solo de los factores pol\u00edticos, ni de los \u00f3rganos mandatarios regionales y municipales que no hayan estado representados aqu\u00ed el d\u00eda de hoy\u00bb, detall\u00f3.<\/p>\n\n\n\n<p>Destac\u00f3 que deben hacerse las elecciones de diputados a la Asamblea Nacional, gobernadores, legisladores estadales, alcaldes y concejales. \u00abDependiendo de lo que decidamos es muy probable que debamos hacer elecciones muy pronto\u00bb, apunt\u00f3 Rodr\u00edguez.<br><strong><em>ET \/ Agencias<\/em><\/strong><\/p>\n","protected":false},"excerpt":{"rendered":"<p>ENTRE TORMENTAS. En el Palacio Federal Legislativo se realiz\u00f3 este martes un encuentro entre los&#8230;<\/p>\n","protected":false},"author":2,"featured_media":12341,"comment_status":"closed","ping_status":"open","sticky":false,"template":"","format":"standard","meta":{"footnotes":""},"categories":[56,49],"tags":[],"class_list":["post-12340","post","type-post","status-publish","format-standard","has-post-thumbnail","hentry","category-destacadas","category-nacionales"],"_links":{"self":[{"href":"https:\/\/entretormentas.com\/index.php?rest_route=\/wp\/v2\/posts\/12340","targetHints":{"allow":["GET"]}}],"collection":[{"href":"https:\/\/entretormentas.com\/index.php?rest_route=\/wp\/v2\/posts"}],"about":[{"href":"https:\/\/entretormentas.com\/index.php?rest_route=\/wp\/v2\/types\/post"}],"author":[{"embeddable":true,"href":"https:\/\/entretormentas.com\/index.php?rest_route=\/wp\/v2\/users\/2"}],"replies":[{"embeddable":true,"href":"https:\/\/entretormentas.com\/index.php?rest_route=%2Fwp%2Fv2%2Fcomments&post=12340"}],"version-history":[{"count":1,"href":"https:\/\/entretormentas.com\/index.php?rest_route=\/wp\/v2\/posts\/12340\/revisions"}],"predecessor-version":[{"id":12342,"href":"https:\/\/entretormentas.com\/index.php?rest_route=\/wp\/v2\/posts\/12340\/revisions\/12342"}],"wp:featuredmedia":[{"embeddable":true,"href":"https:\/\/entretormentas.com\/index.php?rest_route=\/wp\/v2\/media\/12341"}],"wp:attachment":[{"href":"https:\/\/entretormentas.com\/index.php?rest_route=%2Fwp%2Fv2%2Fmedia&parent=12340"}],"wp:term":[{"taxonomy":"category","embeddable":true,"href":"https:\/\/entretormentas.com\/index.php?rest_route=%2Fwp%2Fv2%2Fcategories&post=12340"},{"taxonomy":"post_tag","embeddable":true,"href":"https:\/\/entretormentas.com\/index.php?rest_route=%2Fwp%2Fv2%2Ftags&post=12340"}],"curies":[{"name":"wp","href":"https:\/\/api.w.org\/{rel}","templated":true}]}}