{"id":12343,"date":"2025-01-15T09:24:30","date_gmt":"2025-01-15T08:24:30","guid":{"rendered":"https:\/\/entretormentas.com\/?p=12343"},"modified":"2025-01-15T09:24:30","modified_gmt":"2025-01-15T08:24:30","slug":"se-declaran-en-sesion-permanente-jorge-rodriguez-asegura-que-habra-al-menos-nueve-elecciones-este-2025","status":"publish","type":"post","link":"https:\/\/entretormentas.com\/se-declaran-en-sesion-permanente-jorge-rodriguez-asegura-que-habra-al-menos-nueve-elecciones-este-2025\/","title":{"rendered":"\u00a1SE DECLARAN EN SESI\u00d3N PERMANENTE! Jorge Rodr\u00edguez asegura que habr\u00e1 al menos nueve elecciones este 2025"},"content":{"rendered":"\n<p><strong>ENTRE TORMENTAS. <\/strong>Este martes el presidente de la Asamblea Nacional (AN), Jorge Rodr\u00edguez, adelant\u00f3 que habr\u00e1 en el pa\u00eds al menos nueve elecciones en este 2025. \u00abLa intuici\u00f3n me se\u00f1ala que habr\u00e1 elecciones varias en 2025, elecciones muy pronto\u00bb.<\/p>\n\n\n\n<p>Durante la reuni\u00f3n con partidos pol\u00edticos en la AN para la elaboraci\u00f3n del cronograma electoral para comicios del 2025, Rodr\u00edguez se\u00f1al\u00f3 que \u00abnosotros no podemos elaborar ning\u00fan cronograma, pero s\u00ed podemos hacer propuestas de fechas (para las elecciones). Nos estamos dando 48 horas para aterrizar esas propuestas\u00bb.<\/p>\n\n\n\n<p>Asimismo, el presidente del Parlamento afirm\u00f3 que en la reuni\u00f3n estuvo el 100% del espectro pol\u00edtico del pa\u00eds. Adem\u00e1s, agreg\u00f3 que \u00abtodos expresaron que debemos cuidar la paz de la naci\u00f3n, sin excepciones\u00bb.<\/p>\n\n\n\n<p>\u00abEsto es una prueba de lo que realmente el pueblo quiere y anhela, independientemente del partido pol\u00edtico, aqu\u00ed hay un mensaje muy claro\u00bb, dijo.<\/p>\n\n\n\n<p>Por otra parte, Rodr\u00edguez acerca de la reforma constitucional que habr\u00e1 este a\u00f1o, por orden del jefe de Estado, Nicol\u00e1s Maduro, coment\u00f3 que \u00abtodas las leyes pueden ser modificadas menos la de procesos electores en fecha cercana a elecciones\u00bb.<\/p>\n\n\n\n<p>\u00abEstamos trabajando en las reformas de las leyes, pero hemos tomado el camino largo en el que debemos consultar con todos los factores\u00bb, concluy\u00f3.<br><strong><em>ET \/ Globovisi\u00f3n<\/em><\/strong><\/p>\n\n\n\n<p><\/p>\n","protected":false},"excerpt":{"rendered":"<p>ENTRE TORMENTAS. Este martes el presidente de la Asamblea Nacional (AN), Jorge Rodr\u00edguez, adelant\u00f3 que&#8230;<\/p>\n","protected":false},"author":2,"featured_media":12344,"comment_status":"closed","ping_status":"open","sticky":false,"template":"","format":"standard","meta":{"footnotes":""},"categories":[56,49],"tags":[],"class_list":["post-12343","post","type-post","status-publish","format-standard","has-post-thumbnail","hentry","category-destacadas","category-nacionales"],"_links":{"self":[{"href":"https:\/\/entretormentas.com\/index.php?rest_route=\/wp\/v2\/posts\/12343","targetHints":{"allow":["GET"]}}],"collection":[{"href":"https:\/\/entretormentas.com\/index.php?rest_route=\/wp\/v2\/posts"}],"about":[{"href":"https:\/\/entretormentas.com\/index.php?rest_route=\/wp\/v2\/types\/post"}],"author":[{"embeddable":true,"href":"https:\/\/entretormentas.com\/index.php?rest_route=\/wp\/v2\/users\/2"}],"replies":[{"embeddable":true,"href":"https:\/\/entretormentas.com\/index.php?rest_route=%2Fwp%2Fv2%2Fcomments&post=12343"}],"version-history":[{"count":1,"href":"https:\/\/entretormentas.com\/index.php?rest_route=\/wp\/v2\/posts\/12343\/revisions"}],"predecessor-version":[{"id":12345,"href":"https:\/\/entretormentas.com\/index.php?rest_route=\/wp\/v2\/posts\/12343\/revisions\/12345"}],"wp:featuredmedia":[{"embeddable":true,"href":"https:\/\/entretormentas.com\/index.php?rest_route=\/wp\/v2\/media\/12344"}],"wp:attachment":[{"href":"https:\/\/entretormentas.com\/index.php?rest_route=%2Fwp%2Fv2%2Fmedia&parent=12343"}],"wp:term":[{"taxonomy":"category","embeddable":true,"href":"https:\/\/entretormentas.com\/index.php?rest_route=%2Fwp%2Fv2%2Fcategories&post=12343"},{"taxonomy":"post_tag","embeddable":true,"href":"https:\/\/entretormentas.com\/index.php?rest_route=%2Fwp%2Fv2%2Ftags&post=12343"}],"curies":[{"name":"wp","href":"https:\/\/api.w.org\/{rel}","templated":true}]}}