{"id":12352,"date":"2025-01-16T09:12:47","date_gmt":"2025-01-16T08:12:47","guid":{"rendered":"https:\/\/entretormentas.com\/?p=12352"},"modified":"2025-01-16T09:12:47","modified_gmt":"2025-01-16T08:12:47","slug":"adscrita-a-la-gobernacion-escuela-de-titeres-del-zulia-abre-inscripciones-del-15-al-30-de-enero","status":"publish","type":"post","link":"https:\/\/entretormentas.com\/adscrita-a-la-gobernacion-escuela-de-titeres-del-zulia-abre-inscripciones-del-15-al-30-de-enero\/","title":{"rendered":"\u00a1ADSCRITA A LA GOBERNACI\u00d3N! Escuela de T\u00edteres del Zulia abre inscripciones del 15 al 30 de enero"},"content":{"rendered":"\n<p><strong>ENTRE TORMENTAS. <\/strong>La Escuela de T\u00edteres del Zulia \u201cFabi\u00e1n de Le\u00f3n\u201d de la Secretar\u00eda de Cultura y Centro de Formaci\u00f3n Art\u00edstica abre inscripciones para sus clases regulares del 15 al 30 de enero, en un programa de formaci\u00f3n de dos a\u00f1os.<\/p>\n\n\n\n<p>El director de la escuela, Richard Uzc\u00e1tegui, mencion\u00f3 que los alumnos tendr\u00e1n la oportunidad de aprender diferentes t\u00e9cnicas de manipulaci\u00f3n de t\u00edteres, creaci\u00f3n de personajes y puestas en escenas, que les permitir\u00e1 desarrollar habilidades creativas, expresivas y esc\u00e9nicas.<\/p>\n\n\n\n<p>Dicho programa est\u00e1 dirigido a ni\u00f1os, j\u00f3venes (a partir de 15 a\u00f1os) y adultos interesados en este arte. Las inscripciones se realizar\u00e1n los d\u00edas lunes, mi\u00e9rcoles y jueves, en horario de 9:00 a.m. a 12:00 p.m. y de 2:00 p.m. a 4:00 p.m. en la sede de la Secretar\u00eda de Cultura, avenida El Milagro, edificio Andr\u00e9s Eloy Blanco.<\/p>\n\n\n\n<figure class=\"wp-block-image size-large\"><img fetchpriority=\"high\" decoding=\"async\" width=\"1024\" height=\"768\" src=\"https:\/\/entretormentas.com\/wp-content\/uploads\/2025\/01\/image-219-1024x768.png\" alt=\"\" class=\"wp-image-12354\" srcset=\"https:\/\/entretormentas.com\/wp-content\/uploads\/2025\/01\/image-219-1024x768.png 1024w, https:\/\/entretormentas.com\/wp-content\/uploads\/2025\/01\/image-219-300x225.png 300w, https:\/\/entretormentas.com\/wp-content\/uploads\/2025\/01\/image-219-768x576.png 768w, https:\/\/entretormentas.com\/wp-content\/uploads\/2025\/01\/image-219.png 1200w\" sizes=\"(max-width: 1024px) 100vw, 1024px\" \/><\/figure>\n\n\n\n<p>Los interesados deben presentar una copia de la c\u00e9dula de identidad, una foto tipo carnet y llenar la planilla de registro.<\/p>\n\n\n\n<p>Adem\u00e1s, para ni\u00f1os mayores de ocho a\u00f1os de edad se ofrecer\u00e1 un taller montaje con una duraci\u00f3n de dos meses. Los requisitos para esta modalidad son la copia de la c\u00e9dula de identidad del representante y una fotograf\u00eda tipo carnet del ni\u00f1o.<\/p>\n\n\n\n<p>Las clases est\u00e1n programadas para iniciar la primera semana de febrero, en dos grupos, j\u00f3venes y adultos los lunes y mi\u00e9rcoles de 9:00 a.m. a 12:00 p.m., mientras que el grupo de ni\u00f1os tendr\u00e1 clases los d\u00edas martes y jueves de 2:00 p.m. a 4:00 p.m.<\/p>\n\n\n\n<p>Con m\u00e1s de 30 a\u00f1os de experiencia, la Escuela de T\u00edteres del Zulia \u201cFabi\u00e1n de Le\u00f3n\u201d contin\u00faa formando nuevos talentos y ofreciendo un programa completo que aborda la historia, t\u00e9cnicas y estilos del teatro de t\u00edteres. Adem\u00e1s, fomenta la creatividad, desarrolla una dramaturgia titiritesca, ofrece formaci\u00f3n profesional y promueve el t\u00edtere como recurso educativo alternativo pedag\u00f3gico.<br><strong><em>ET \/ Nota de Prensa<\/em><\/strong><\/p>\n","protected":false},"excerpt":{"rendered":"<p>ENTRE TORMENTAS. La Escuela de T\u00edteres del Zulia \u201cFabi\u00e1n de Le\u00f3n\u201d de la Secretar\u00eda de&#8230;<\/p>\n","protected":false},"author":2,"featured_media":12353,"comment_status":"closed","ping_status":"open","sticky":false,"template":"","format":"standard","meta":{"footnotes":""},"categories":[57,1],"tags":[],"class_list":["post-12352","post","type-post","status-publish","format-standard","has-post-thumbnail","hentry","category-actualidad","category-regionales"],"_links":{"self":[{"href":"https:\/\/entretormentas.com\/index.php?rest_route=\/wp\/v2\/posts\/12352","targetHints":{"allow":["GET"]}}],"collection":[{"href":"https:\/\/entretormentas.com\/index.php?rest_route=\/wp\/v2\/posts"}],"about":[{"href":"https:\/\/entretormentas.com\/index.php?rest_route=\/wp\/v2\/types\/post"}],"author":[{"embeddable":true,"href":"https:\/\/entretormentas.com\/index.php?rest_route=\/wp\/v2\/users\/2"}],"replies":[{"embeddable":true,"href":"https:\/\/entretormentas.com\/index.php?rest_route=%2Fwp%2Fv2%2Fcomments&post=12352"}],"version-history":[{"count":1,"href":"https:\/\/entretormentas.com\/index.php?rest_route=\/wp\/v2\/posts\/12352\/revisions"}],"predecessor-version":[{"id":12355,"href":"https:\/\/entretormentas.com\/index.php?rest_route=\/wp\/v2\/posts\/12352\/revisions\/12355"}],"wp:featuredmedia":[{"embeddable":true,"href":"https:\/\/entretormentas.com\/index.php?rest_route=\/wp\/v2\/media\/12353"}],"wp:attachment":[{"href":"https:\/\/entretormentas.com\/index.php?rest_route=%2Fwp%2Fv2%2Fmedia&parent=12352"}],"wp:term":[{"taxonomy":"category","embeddable":true,"href":"https:\/\/entretormentas.com\/index.php?rest_route=%2Fwp%2Fv2%2Fcategories&post=12352"},{"taxonomy":"post_tag","embeddable":true,"href":"https:\/\/entretormentas.com\/index.php?rest_route=%2Fwp%2Fv2%2Ftags&post=12352"}],"curies":[{"name":"wp","href":"https:\/\/api.w.org\/{rel}","templated":true}]}}