{"id":12360,"date":"2025-01-16T09:18:45","date_gmt":"2025-01-16T08:18:45","guid":{"rendered":"https:\/\/entretormentas.com\/?p=12360"},"modified":"2025-01-16T09:18:45","modified_gmt":"2025-01-16T08:18:45","slug":"omar-molina-busco-consolidar-vinculos-con-el-personal-para-cumplir-los-objetivos-de-esta-gestion-edilicia","status":"publish","type":"post","link":"https:\/\/entretormentas.com\/omar-molina-busco-consolidar-vinculos-con-el-personal-para-cumplir-los-objetivos-de-esta-gestion-edilicia\/","title":{"rendered":"OMAR MOLINA: \u201cBusco consolidar v\u00ednculos con el personal para cumplir los objetivos de esta gesti\u00f3n edilicia\u201d"},"content":{"rendered":"\n<p><strong>ENTRE TORMENTAS. <\/strong>En un esfuerzo por fortalecer la comunicaci\u00f3n y el entendimiento mutuo, Omar Molina, presidente del Concejo Municipal de Maracaibo, sostuvo una reuni\u00f3n con los directores y obreros de nuestra instituci\u00f3n este martes 15 de enero.<\/p>\n\n\n\n<p>El prop\u00f3sito de este encuentro fue escuchar las inquietudes, necesidades y propuestas por parte del personal, as\u00ed como establecer v\u00ednculos comunicacionales para lograr un mejor esquema de liderazgo que estimule la labor que desarrolla este personal.<\/p>\n\n\n\n<p>\u201cConversamos con ellos para darles un mensaje de confianza, indic\u00e1ndoles que vamos a continuar con el beneficio del transporte, la entrega de bolsas de comida, igualmente con el servicio funerario y el HCM\u201d, especific\u00f3 Molina.<\/p>\n\n\n\n<p>Indic\u00f3, adem\u00e1s, que este encuentro subraya la confianza, buscando con ello la colaboraci\u00f3n de estos que se vinculan al compromiso de una gesti\u00f3n que est\u00e1 a cargo del municipio Maracaibo. \u201cPido el apoyo para que este 2025 cumplamos con los objetivos de esta gesti\u00f3n\u201d.<\/p>\n\n\n\n<p>Sentenci\u00f3, finalmente, que este grupo es el que trabaja con dedicaci\u00f3n, asegurando desde muy temprano el buen funcionamiento del concejo y contribuyendo al desarrollo de nuestra ciudad. \u201cPor lo que esta administraci\u00f3n valora profundamente el esfuerzo y la dedicaci\u00f3n de sus trabajadores, y continuaremos promoviendo espacios de di\u00e1logo y colaboraci\u00f3n\u201d.<br><strong><em>ET \/ Nota de Prensa<\/em><\/strong><\/p>\n","protected":false},"excerpt":{"rendered":"<p>ENTRE TORMENTAS. En un esfuerzo por fortalecer la comunicaci\u00f3n y el entendimiento mutuo, Omar Molina,&#8230;<\/p>\n","protected":false},"author":2,"featured_media":12361,"comment_status":"closed","ping_status":"open","sticky":false,"template":"","format":"standard","meta":{"footnotes":""},"categories":[57,1],"tags":[],"class_list":["post-12360","post","type-post","status-publish","format-standard","has-post-thumbnail","hentry","category-actualidad","category-regionales"],"_links":{"self":[{"href":"https:\/\/entretormentas.com\/index.php?rest_route=\/wp\/v2\/posts\/12360","targetHints":{"allow":["GET"]}}],"collection":[{"href":"https:\/\/entretormentas.com\/index.php?rest_route=\/wp\/v2\/posts"}],"about":[{"href":"https:\/\/entretormentas.com\/index.php?rest_route=\/wp\/v2\/types\/post"}],"author":[{"embeddable":true,"href":"https:\/\/entretormentas.com\/index.php?rest_route=\/wp\/v2\/users\/2"}],"replies":[{"embeddable":true,"href":"https:\/\/entretormentas.com\/index.php?rest_route=%2Fwp%2Fv2%2Fcomments&post=12360"}],"version-history":[{"count":1,"href":"https:\/\/entretormentas.com\/index.php?rest_route=\/wp\/v2\/posts\/12360\/revisions"}],"predecessor-version":[{"id":12362,"href":"https:\/\/entretormentas.com\/index.php?rest_route=\/wp\/v2\/posts\/12360\/revisions\/12362"}],"wp:featuredmedia":[{"embeddable":true,"href":"https:\/\/entretormentas.com\/index.php?rest_route=\/wp\/v2\/media\/12361"}],"wp:attachment":[{"href":"https:\/\/entretormentas.com\/index.php?rest_route=%2Fwp%2Fv2%2Fmedia&parent=12360"}],"wp:term":[{"taxonomy":"category","embeddable":true,"href":"https:\/\/entretormentas.com\/index.php?rest_route=%2Fwp%2Fv2%2Fcategories&post=12360"},{"taxonomy":"post_tag","embeddable":true,"href":"https:\/\/entretormentas.com\/index.php?rest_route=%2Fwp%2Fv2%2Ftags&post=12360"}],"curies":[{"name":"wp","href":"https:\/\/api.w.org\/{rel}","templated":true}]}}