{"id":12367,"date":"2025-01-16T09:23:27","date_gmt":"2025-01-16T08:23:27","guid":{"rendered":"https:\/\/entretormentas.com\/?p=12367"},"modified":"2025-01-16T09:23:27","modified_gmt":"2025-01-16T08:23:27","slug":"dia-del-educador-federacion-venezolana-de-maestros-pide-reivindicaciones-laborales-en-su-93-aniversario","status":"publish","type":"post","link":"https:\/\/entretormentas.com\/dia-del-educador-federacion-venezolana-de-maestros-pide-reivindicaciones-laborales-en-su-93-aniversario\/","title":{"rendered":"\u00a1D\u00cdA DEL EDUCADOR! Federaci\u00f3n Venezolana de Maestros pide reivindicaciones laborales en su 93 aniversario"},"content":{"rendered":"\n<p><strong>ENTRE TORMENTAS. <\/strong>Durante la ma\u00f1ana de este 15 de enero se realiz\u00f3 una misa para conmemorar el D\u00eda del Maestro y, adem\u00e1s, un nuevo aniversario de la Federaci\u00f3n Venezolana de Maestros (FVM) quien cumple 93 a\u00f1os \u00abde lucha\u00bb y exigencias en favor del magisterio venezolano.<\/p>\n\n\n\n<p>Desde el Santuario de Nuestra Se\u00f1ora de los Coromoto, ubicado en El Para\u00edso, Caracas, diversas organizaciones gremiales hicieron acto de presencia en la misa oficiada por el padre Gonzalo Becerra en la que pidieron por reivindicaciones laborales.<\/p>\n\n\n\n<p>Carmen Teresa M\u00e1rquez, presidenta de la FVM, lament\u00f3 que en esta fecha importante para el magisterio, los profesores \u00abno tengan nada que celebrar\u00bb tras la falta de atenci\u00f3n que el ministerio de Educaci\u00f3n aplica sobre los maestros. Denunci\u00f3 que en el mes de diciembre el Gobierno venezolano suspendi\u00f3 el salario a m\u00e1s de 10 mil educadores de los estados Trujillo, Zulia, Apure y Barinas.<\/p>\n\n\n\n<p>\u00abNo tenemos nada que celebrar, solamente tenemos el valor de exigirle al ministro de Educaci\u00f3n revisar los salarios de los maestros y la seguridad social, la calidad de la educaci\u00f3n que realmente ha sido cuestionada en los \u00faltimos a\u00f1os\u00bb, dijo.<\/p>\n\n\n\n<p>Mencion\u00f3 que el balance de los maestros en este inicio del 2025 es \u00abmuy triste\u00bb, puesto que est\u00e1n sometidos a una vida \u00abindigna\u00bb debido a los bajos salarios. Ante esto, exhort\u00f3, una vez m\u00e1s al Gobierno venezolano la \u00abrevisi\u00f3n de la contrataci\u00f3n colectiva\u00bb.<\/p>\n\n\n\n<p>\u00abEl balance es muy triste, los maestros con salarios muy bajos con una vida indigna porque nadie puede vivir con una inflaci\u00f3n galopante\u00bb, dijo al tiempo que asegur\u00f3 que el deficit de los educadores en las aulas de clases es \u00abmuy grande\u00bb ya que prefieren llevar a cabo otro oficio que le permita mejores salarios.<\/p>\n\n\n\n<p>\u00abEn las arreas de matem\u00e1tica, biolog\u00eda, qu\u00edmica no hay realmente profesores en los liceos. Esas materias no la ven los muchachos, salen de bachiller sin ver esas materias, entonces cuando llegan a la universidad no tienen el conocimiento que le permita desarrollar su carrera\u00bb, exclam\u00f3.<\/p>\n\n\n\n<p>Orlando Alzuru, expresidente de la FVM y actual secretario general de contrataci\u00f3n y conflicto de la FVM, se mostr\u00f3 orgulloso de que la instituci\u00f3n la cual presidi\u00f3 cumpla 93 aniversario \u00abd\u00e1ndole a Venezuela lo mejor de nuestros docentes\u00bb y \u00abdefendiendo\u00bb las reivindicaciones de los maestros.<\/p>\n\n\n\n<p>Record\u00f3 que la FVM fue fundada en el a\u00f1o 1936 por el doctor Luis Beltr\u00e1n Prieto Figueroa y es una instituci\u00f3n que le ha otorgado al pa\u00eds instituciones importantes como la fundaci\u00f3n del INCE y el Consejo Venezolano del Ni\u00f1o.<br><strong><em>ET \/ Monitoreamos<\/em><\/strong><\/p>\n","protected":false},"excerpt":{"rendered":"<p>ENTRE TORMENTAS. Durante la ma\u00f1ana de este 15 de enero se realiz\u00f3 una misa para&#8230;<\/p>\n","protected":false},"author":2,"featured_media":12368,"comment_status":"closed","ping_status":"open","sticky":false,"template":"","format":"standard","meta":{"footnotes":""},"categories":[56,49],"tags":[],"class_list":["post-12367","post","type-post","status-publish","format-standard","has-post-thumbnail","hentry","category-destacadas","category-nacionales"],"_links":{"self":[{"href":"https:\/\/entretormentas.com\/index.php?rest_route=\/wp\/v2\/posts\/12367","targetHints":{"allow":["GET"]}}],"collection":[{"href":"https:\/\/entretormentas.com\/index.php?rest_route=\/wp\/v2\/posts"}],"about":[{"href":"https:\/\/entretormentas.com\/index.php?rest_route=\/wp\/v2\/types\/post"}],"author":[{"embeddable":true,"href":"https:\/\/entretormentas.com\/index.php?rest_route=\/wp\/v2\/users\/2"}],"replies":[{"embeddable":true,"href":"https:\/\/entretormentas.com\/index.php?rest_route=%2Fwp%2Fv2%2Fcomments&post=12367"}],"version-history":[{"count":1,"href":"https:\/\/entretormentas.com\/index.php?rest_route=\/wp\/v2\/posts\/12367\/revisions"}],"predecessor-version":[{"id":12369,"href":"https:\/\/entretormentas.com\/index.php?rest_route=\/wp\/v2\/posts\/12367\/revisions\/12369"}],"wp:featuredmedia":[{"embeddable":true,"href":"https:\/\/entretormentas.com\/index.php?rest_route=\/wp\/v2\/media\/12368"}],"wp:attachment":[{"href":"https:\/\/entretormentas.com\/index.php?rest_route=%2Fwp%2Fv2%2Fmedia&parent=12367"}],"wp:term":[{"taxonomy":"category","embeddable":true,"href":"https:\/\/entretormentas.com\/index.php?rest_route=%2Fwp%2Fv2%2Fcategories&post=12367"},{"taxonomy":"post_tag","embeddable":true,"href":"https:\/\/entretormentas.com\/index.php?rest_route=%2Fwp%2Fv2%2Ftags&post=12367"}],"curies":[{"name":"wp","href":"https:\/\/api.w.org\/{rel}","templated":true}]}}