{"id":12379,"date":"2025-01-16T09:31:31","date_gmt":"2025-01-16T08:31:31","guid":{"rendered":"https:\/\/entretormentas.com\/?p=12379"},"modified":"2025-01-16T09:31:31","modified_gmt":"2025-01-16T08:31:31","slug":"mensaje-anual-en-la-an-maduro-afirma-que-derroto-el-odio-el-golpismo-y-el-fascismo","status":"publish","type":"post","link":"https:\/\/entretormentas.com\/mensaje-anual-en-la-an-maduro-afirma-que-derroto-el-odio-el-golpismo-y-el-fascismo\/","title":{"rendered":"\u00a1MENSAJE ANUAL EN LA AN! Maduro afirma que derrot\u00f3 \u00abel odio, el golpismo y el fascismo\u00bb"},"content":{"rendered":"\n<p><strong>ENTRE TORMENTAS.<\/strong> El presidente de la Rep\u00fablica, Nicol\u00e1s Maduro, asegur\u00f3 este mi\u00e9rcoles que la victoria le pertenece a la Venezuela libre, \u201csi tenemos un pa\u00eds en paz, es porque hemos derrotado el odio, el golpismo y el fascismo\u201d.<\/p>\n\n\n\n<p>Desde el Teatro Teresa Carre\u00f1o durante su mensaje anual a la Naci\u00f3n, el jefe de Estado precis\u00f3 que el pa\u00eds est\u00e1 en tranquilidad y paz, que los planes de llevarnos al caos y las ideas desquiciadas, no se consolidaron.<\/p>\n\n\n\n<p>El Mandatario Nacional sentenci\u00f3 que el 10 de enero fue la consolidaci\u00f3n definitiva de la fusi\u00f3n popular-militar-policial, habiendo superado todas las amenazas, toda la guerra psicol\u00f3gica y todas las mentiras.<\/p>\n\n\n\n<p>\u201cLos que act\u00faan sin raz\u00f3n, los fascistas venezolanos junto al paramilitarismo colombiano est\u00e1n llamando a una invasi\u00f3n militar (\u2026) \u00a1No saben lo que dicen! (\u2026) Yo me sumo al clamor unitario y a la voz poderosa de toda la sociedad venezolana que ha rechazado este llamado, hecho por \u00c1lvaro Uribe, Iv\u00e1n Duque Leopoldo L\u00f3pez y Mar\u00eda Corina Machado\u201d, asever\u00f3.<\/p>\n\n\n\n<p>Maduro record\u00f3 que m\u00e1s de 150 mercenarios de diferentes nacionalidades est\u00e1n convictos y algunos confesos sobre los actos terroristas que se pretend\u00edan generar en el pa\u00eds durante el 2024. \u201cGracias a las labores de patrullaje, prevenci\u00f3n e inteligencia de nuestros cuerpos de seguridad\u201d.<\/p>\n\n\n\n<p>Durante su discurso, el Dignatario record\u00f3 que el primer golpe de Estado ciber fascista se aplic\u00f3, por primera vez, en Venezuela, los d\u00edas 28, 29 y 30 de julio. \u201cSe usaron todas las redes sociales, y sistemas electr\u00f3nicos\u201d.<\/p>\n\n\n\n<p>Al respecto, rememor\u00f3 los actos ciberfascistas que se aplicaron durante la elecciones del #28Jul y destac\u00f3 la fortaleza del pueblo, en uni\u00f3n popular-militar-policial al no permitir la instauraci\u00f3n de la violencia en Venezuela.<\/p>\n\n\n\n<p>Por otra parte, se\u00f1al\u00f3 que este es un a\u00f1o signado para seguir afinando los planes, para construir la Patria con nuestras propias manos y esfuerzos.<\/p>\n\n\n\n<p>Resalt\u00f3 que el 2025 ser\u00e1 un a\u00f1o firmado por la paz y la uni\u00f3n para seguir consolidando la potencia de Venezuela, de la mano del Gobierno Nacional y el pueblo.<\/p>\n\n\n\n<p>\u201cInaugura un a\u00f1o que debe estar marcado por el encuentro, reencuentro, la palabra, el di\u00e1logo y por encima de todo, la convivencia, la tolerancia y la paz. Un a\u00f1o firmado porque nos vemos con frecuencia para seguir afinando los sue\u00f1os y planos comunes, y seguir construyendo con nuestras propias manos y nuestro propio esfuerzo, nuestra amada Rep\u00fablica Bolivariana de Venezuela\u201d, enfatiz\u00f3.<br><strong><em>ET \/ \u00daltimas Noticias<\/em><\/strong><\/p>\n","protected":false},"excerpt":{"rendered":"<p>ENTRE TORMENTAS. El presidente de la Rep\u00fablica, Nicol\u00e1s Maduro, asegur\u00f3 este mi\u00e9rcoles que la victoria&#8230;<\/p>\n","protected":false},"author":2,"featured_media":12380,"comment_status":"closed","ping_status":"open","sticky":false,"template":"","format":"standard","meta":{"footnotes":""},"categories":[56,49],"tags":[],"class_list":["post-12379","post","type-post","status-publish","format-standard","has-post-thumbnail","hentry","category-destacadas","category-nacionales"],"_links":{"self":[{"href":"https:\/\/entretormentas.com\/index.php?rest_route=\/wp\/v2\/posts\/12379","targetHints":{"allow":["GET"]}}],"collection":[{"href":"https:\/\/entretormentas.com\/index.php?rest_route=\/wp\/v2\/posts"}],"about":[{"href":"https:\/\/entretormentas.com\/index.php?rest_route=\/wp\/v2\/types\/post"}],"author":[{"embeddable":true,"href":"https:\/\/entretormentas.com\/index.php?rest_route=\/wp\/v2\/users\/2"}],"replies":[{"embeddable":true,"href":"https:\/\/entretormentas.com\/index.php?rest_route=%2Fwp%2Fv2%2Fcomments&post=12379"}],"version-history":[{"count":1,"href":"https:\/\/entretormentas.com\/index.php?rest_route=\/wp\/v2\/posts\/12379\/revisions"}],"predecessor-version":[{"id":12381,"href":"https:\/\/entretormentas.com\/index.php?rest_route=\/wp\/v2\/posts\/12379\/revisions\/12381"}],"wp:featuredmedia":[{"embeddable":true,"href":"https:\/\/entretormentas.com\/index.php?rest_route=\/wp\/v2\/media\/12380"}],"wp:attachment":[{"href":"https:\/\/entretormentas.com\/index.php?rest_route=%2Fwp%2Fv2%2Fmedia&parent=12379"}],"wp:term":[{"taxonomy":"category","embeddable":true,"href":"https:\/\/entretormentas.com\/index.php?rest_route=%2Fwp%2Fv2%2Fcategories&post=12379"},{"taxonomy":"post_tag","embeddable":true,"href":"https:\/\/entretormentas.com\/index.php?rest_route=%2Fwp%2Fv2%2Ftags&post=12379"}],"curies":[{"name":"wp","href":"https:\/\/api.w.org\/{rel}","templated":true}]}}